{"id":1732,"date":"2011-09-05T14:50:47","date_gmt":"2011-09-05T12:50:47","guid":{"rendered":"https:\/\/www.juristenkoffer.de\/richter\/?p=1732"},"modified":"2026-04-09T16:26:43","modified_gmt":"2026-04-09T14:26:43","slug":"staatsanwaltschaft-3","status":"publish","type":"post","link":"https:\/\/www.juristenkoffer.de\/richter\/bremen\/staatsanwaltschaft-3\/","title":{"rendered":"Staatsanwaltschaft"},"content":{"rendered":"<p>Wenn dein Herz eher f\u00fcr die Strafverfolgung schl\u00e4gt, bewirbst du dich bei der <strong>Staatsanwaltschaft<\/strong>. Hier l\u00e4uft die Bewerbung etwas anders: Dein Ansprechpartner ist die <strong>Generalstaatsanw\u00e4ltin<\/strong> in der Violenstra\u00dfe.<\/p>\n<p>Die Generalstaatsanw\u00e4ltin<br \/>\nViolenstr. 12<br \/>\n28195 Bremen<br \/>\nE-Mail:\u00a0<a href=\"mailto:personal@gensta.bremen.de\">personal@gensta.bremen.de<\/a><\/p>\n<p>Auf den Seiten der Generalstaatsanwaltschaft Bremen wird hinsichtlich der Bewerbung grunds\u00e4tzlich auf die Stellenausschreibung im Online-Portal verwiesen. Danach ist Voraussetzung einer Bewerbung, dass\u00a0in der zweiten Staatspr\u00fcfung <strong>vorzugsweise mindestens 8 Punkte erreicht<\/strong> wurden und der Bewerber \u00fcber folgende F\u00e4higkeiten und Kenntnisse verf\u00fcgt:<\/p>\n<ul class=\"fix_ul\">\n<li>ein ausgepr\u00e4gtes Interesse f\u00fcr das Straf- und Strafverfahrensrecht einschlie\u00dflich \u00fcberdurchschnittlicher strafrechtlicher Fachkenntnisse<\/li>\n<li>ein sicheres Auftreten, Eigeninitiative und die F\u00e4higkeit zum selbstst\u00e4ndigen Arbeiten<\/li>\n<li>Verst\u00e4ndnis f\u00fcr soziale, wirtschaftliche und technische Zusammenh\u00e4nge<\/li>\n<li>Verantwortungsbewusstsein und uneingeschr\u00e4nkte Belastbarkeit<\/li>\n<li>Konflikt- und Teamf\u00e4higkeit<\/li>\n<li>Verhandlungsgeschick und Kommunikationsf\u00e4higkeit<\/li>\n<li>gesunde Menschenkenntnis und ein hohes Ma\u00df an Sozialkompetenz<\/li>\n<li>sichere Software-Kenntnisse in den \u00fcblichen Standardprogrammen und Bereitschaft zur Nutzung der IT-Fachprogramme der Staatsanwaltschaft.<\/li>\n<\/ul>\n<p>Sofern die Examensergebnisse die <strong>vorgegebene Punktzahl nicht erreichen<\/strong>, kommt im Einzelfall eine Einstellung bei zus\u00e4tzlicher Qualifikation (z.B. Berufserfahrung, Promotion, Auslandserfahrung o.\u00e4.) in Betracht. Dies gilt insbesondere, wenn besonders gute Leistungen im Referendariat erbracht wurden.<\/p>\n<p>Die Bewerbung soll folgende Unterlagen umfassen:<\/p>\n<ul class=\"fix_ul\">\n<li>Motivationsschreiben<\/li>\n<li>tabellarischer Lebenslauf<\/li>\n<li>Zeugnisse der beiden Staatsexamina und der Referendarstationen<\/li>\n<li>Abiturzeugnis<\/li>\n<li>Zeugnisse evtl. sonstiger Pr\u00fcfungen oder T\u00e4tigkeiten<\/li>\n<\/ul>\n<p>Ein interessanter Punkt: Bei der Generalstaatsanwaltschaft kannst du dich auch <strong>eigeninitiativ<\/strong> per E-Mail bewerben, selbst wenn gerade keine spezifische Anzeige geschaltet ist. Als Staatsanwalt leitest du Ermittlungen, arbeitest eng mit der Polizei zusammen und vertrittst die Anklage vor Gericht. Die Einarbeitung dauert hier meist sechs Monate (\u00a7 6 BremRiG).<\/p>\n","protected":false},"excerpt":{"rendered":"<p>Wenn dein Herz eher f\u00fcr die Strafverfolgung schl\u00e4gt, bewirbst du dich bei der Staatsanwaltschaft. Hier l\u00e4uft die Bewerbung etwas anders: Dein Ansprechpartner ist die Generalstaatsanw\u00e4ltin in der Violenstra\u00dfe. Die Generalstaatsanw\u00e4ltin Violenstr. 12 28195 Bremen E-Mail:\u00a0personal@gensta.bremen.de Auf den Seiten der Generalstaatsanwaltschaft Bremen wird hinsichtlich der Bewerbung grunds\u00e4tzlich auf die Stellenausschreibung im Online-Portal verwiesen. Danach ist Voraussetzung [&hellip;]<\/p>\n","protected":false},"author":1,"featured_media":0,"comment_status":"open","ping_status":"open","sticky":false,"template":"","format":"standard","meta":[],"categories":[7],"tags":[],"_links":{"self":[{"href":"https:\/\/www.juristenkoffer.de\/richter\/wp-json\/wp\/v2\/posts\/1732"}],"collection":[{"href":"https:\/\/www.juristenkoffer.de\/richter\/wp-json\/wp\/v2\/posts"}],"about":[{"href":"https:\/\/www.juristenkoffer.de\/richter\/wp-json\/wp\/v2\/types\/post"}],"author":[{"embeddable":true,"href":"https:\/\/www.juristenkoffer.de\/richter\/wp-json\/wp\/v2\/users\/1"}],"replies":[{"embeddable":true,"href":"https:\/\/www.juristenkoffer.de\/richter\/wp-json\/wp\/v2\/comments?post=1732"}],"version-history":[{"count":3,"href":"https:\/\/www.juristenkoffer.de\/richter\/wp-json\/wp\/v2\/posts\/1732\/revisions"}],"predecessor-version":[{"id":1794,"href":"https:\/\/www.juristenkoffer.de\/richter\/wp-json\/wp\/v2\/posts\/1732\/revisions\/1794"}],"wp:attachment":[{"href":"https:\/\/www.juristenkoffer.de\/richter\/wp-json\/wp\/v2\/media?parent=1732"}],"wp:term":[{"taxonomy":"category","embeddable":true,"href":"https:\/\/www.juristenkoffer.de\/richter\/wp-json\/wp\/v2\/categories?post=1732"},{"taxonomy":"post_tag","embeddable":true,"href":"https:\/\/www.juristenkoffer.de\/richter\/wp-json\/wp\/v2\/tags?post=1732"}],"curies":[{"name":"wp","href":"https:\/\/api.w.org\/{rel}","templated":true}]}}