{"id":1468,"date":"2011-10-25T19:26:38","date_gmt":"2011-10-25T17:26:38","guid":{"rendered":"https:\/\/www.juristenkoffer.de\/richter\/?p=1468"},"modified":"2026-04-09T16:24:12","modified_gmt":"2026-04-09T14:24:12","slug":"die-ausbildung-3","status":"publish","type":"post","link":"https:\/\/www.juristenkoffer.de\/richter\/bremen\/die-ausbildung-3\/","title":{"rendered":"Die Ausbildung"},"content":{"rendered":"<p>Der Dienst beginnt als Richter\/in auf Probe. Diese <strong>Probezeit dauert in der Regel etwa 3,5 Jahre<\/strong>. In dieser Zeit bist du aber kein \u201eAzubi\u201c im klassischen Sinne, sondern tr\u00e4gst vom ersten Tag an <strong>hohe Eigenverantwortung<\/strong> \u2013 entweder als Einzelrichter\/in oder als Mitglied einer Kammer (Kollegialgericht). Damit du nicht ins kalte Wasser geworfen wirst, gibt es eine umfassende Einarbeitung durch erfahrene Kolleginnen und Kollegen. Du durchl\u00e4ufst verschiedene Stationen in unterschiedlichen Rechtsgebieten an den Amtsgerichten oder dem Landgericht, um ein breites Fundament zu bekommen.<\/p>\n<p>Ein Laufbahnwechsel zwischen Gericht und Staatsanwaltschaft ist in der Probezeit durchaus vorgesehen und oft sogar Teil der Ausbildung, um beide Seiten der Justiz kennenzulernen (\u00a7 15 Abs. 3 BremRiG). Nach der Probezeit steht die Wahl durch den <strong>Richterwahlausschuss<\/strong> an (\u00a7 15 BremRiG), der \u00fcber deine Ernennung auf Lebenszeit entscheidet. Das Lernen h\u00f6rt danach aber nicht auf. Bremen bietet ein sattes <strong>Fortbildungsprogramm<\/strong>: Das Spektrum reicht von hausinternen Kursen f\u00fcr junge Kollegen \u00fcber die <strong>Deutsche Richterakademie<\/strong> (DRA) in Trier und Wustrau bis hin zum Nordverbund (Kooperation mit anderen norddeutschen Bundesl\u00e4ndern). Es gibt sogar M\u00f6glichkeiten f\u00fcr internationale Fortbildungen \u00fcber das European Judicial Training Network (EJTN). Um die Qualit\u00e4t zu sichern, wirst du regelm\u00e4\u00dfig beurteilt, wobei man bei Proberichtern vor allem schaut, ob sie \u201egeeignet\u201c, \u201enoch nicht geeignet\u201c oder \u201enicht geeignet\u201c sind (\u00a7 3 BeurteilungsVO).<\/p>\n","protected":false},"excerpt":{"rendered":"<p>Der Dienst beginnt als Richter\/in auf Probe. Diese Probezeit dauert in der Regel etwa 3,5 Jahre. In dieser Zeit bist du aber kein \u201eAzubi\u201c im klassischen Sinne, sondern tr\u00e4gst vom ersten Tag an hohe Eigenverantwortung \u2013 entweder als Einzelrichter\/in oder als Mitglied einer Kammer (Kollegialgericht). Damit du nicht ins kalte Wasser geworfen wirst, gibt es [&hellip;]<\/p>\n","protected":false},"author":1,"featured_media":0,"comment_status":"open","ping_status":"open","sticky":false,"template":"","format":"standard","meta":[],"categories":[7],"tags":[],"_links":{"self":[{"href":"https:\/\/www.juristenkoffer.de\/richter\/wp-json\/wp\/v2\/posts\/1468"}],"collection":[{"href":"https:\/\/www.juristenkoffer.de\/richter\/wp-json\/wp\/v2\/posts"}],"about":[{"href":"https:\/\/www.juristenkoffer.de\/richter\/wp-json\/wp\/v2\/types\/post"}],"author":[{"embeddable":true,"href":"https:\/\/www.juristenkoffer.de\/richter\/wp-json\/wp\/v2\/users\/1"}],"replies":[{"embeddable":true,"href":"https:\/\/www.juristenkoffer.de\/richter\/wp-json\/wp\/v2\/comments?post=1468"}],"version-history":[{"count":2,"href":"https:\/\/www.juristenkoffer.de\/richter\/wp-json\/wp\/v2\/posts\/1468\/revisions"}],"predecessor-version":[{"id":1792,"href":"https:\/\/www.juristenkoffer.de\/richter\/wp-json\/wp\/v2\/posts\/1468\/revisions\/1792"}],"wp:attachment":[{"href":"https:\/\/www.juristenkoffer.de\/richter\/wp-json\/wp\/v2\/media?parent=1468"}],"wp:term":[{"taxonomy":"category","embeddable":true,"href":"https:\/\/www.juristenkoffer.de\/richter\/wp-json\/wp\/v2\/categories?post=1468"},{"taxonomy":"post_tag","embeddable":true,"href":"https:\/\/www.juristenkoffer.de\/richter\/wp-json\/wp\/v2\/tags?post=1468"}],"curies":[{"name":"wp","href":"https:\/\/api.w.org\/{rel}","templated":true}]}}