{"id":135,"date":"2011-10-26T13:08:45","date_gmt":"2011-10-26T11:08:45","guid":{"rendered":"http:\/\/www.juristenkoffer.de\/richter\/?p=135"},"modified":"2026-04-10T18:07:08","modified_gmt":"2026-04-10T16:07:08","slug":"das-auswahlverfahren-rheinland-pfalz","status":"publish","type":"post","link":"https:\/\/www.juristenkoffer.de\/richter\/rheinland-pfalz\/das-auswahlverfahren-rheinland-pfalz\/","title":{"rendered":"Das Auswahlverfahren"},"content":{"rendered":"<p>Hast du die H\u00fcrde der schriftlichen Bewerbung genommen, folgt die <strong>Einladung zum Vorstellungsgespr\u00e4ch<\/strong>. Das Ministerium der Justiz pr\u00fcft nach Eingang der Unterlagen, ob du in das Anforderungsprofil passt. Wer genau an dem Gespr\u00e4ch teilnimmt, ist in den Quellen nicht bis ins letzte Detail aufgelistet, aber es ist klar, dass die <strong>Personalabteilung des Ministeriums<\/strong> die Federf\u00fchrung hat. In der Regel sitzen dort erfahrene Praktiker aus der Justizverwaltung, die pr\u00fcfen, ob du das Zeug f\u00fcr das Richteramt hast.<\/p>\n<p>Inhaltlich geht es im Gespr\u00e4ch nicht nur darum, dein Fachwissen abzufragen \u2013 daf\u00fcr hast du ja die Examina gemacht. Vielmehr steht deine <strong>soziale und pers\u00f6nliche Kompetenz<\/strong> im Fokus. Man will sehen, wie du dich in Stresssituationen verh\u00e4ltst, wie deine Gespr\u00e4chsf\u00fchrung ist und wie du komplexe Konflikte angehen w\u00fcrdest. Die F\u00e4higkeit zur Konfliktregelung und dein Umgangsstil spielen eine \u201eentscheidende Rolle\u201c. Auch deine Motivation und deine Einstellung zu gesellschaftlichen Werten werden unter die Lupe genommen. Das Verfahren ist darauf ausgelegt, die Besten <strong>nach Eignung, Bef\u00e4higung und fachlicher Leistung<\/strong> auszuw\u00e4hlen, ohne Ansehen von Geschlecht, Herkunft oder Weltanschauung (\u00a7 22 LRiG).<\/p>\n","protected":false},"excerpt":{"rendered":"<p>Hast du die H\u00fcrde der schriftlichen Bewerbung genommen, folgt die Einladung zum Vorstellungsgespr\u00e4ch. Das Ministerium der Justiz pr\u00fcft nach Eingang der Unterlagen, ob du in das Anforderungsprofil passt. Wer genau an dem Gespr\u00e4ch teilnimmt, ist in den Quellen nicht bis ins letzte Detail aufgelistet, aber es ist klar, dass die Personalabteilung des Ministeriums die Federf\u00fchrung [&hellip;]<\/p>\n","protected":false},"author":1,"featured_media":0,"comment_status":"open","ping_status":"open","sticky":false,"template":"","format":"standard","meta":[],"categories":[12],"tags":[],"_links":{"self":[{"href":"https:\/\/www.juristenkoffer.de\/richter\/wp-json\/wp\/v2\/posts\/135"}],"collection":[{"href":"https:\/\/www.juristenkoffer.de\/richter\/wp-json\/wp\/v2\/posts"}],"about":[{"href":"https:\/\/www.juristenkoffer.de\/richter\/wp-json\/wp\/v2\/types\/post"}],"author":[{"embeddable":true,"href":"https:\/\/www.juristenkoffer.de\/richter\/wp-json\/wp\/v2\/users\/1"}],"replies":[{"embeddable":true,"href":"https:\/\/www.juristenkoffer.de\/richter\/wp-json\/wp\/v2\/comments?post=135"}],"version-history":[{"count":10,"href":"https:\/\/www.juristenkoffer.de\/richter\/wp-json\/wp\/v2\/posts\/135\/revisions"}],"predecessor-version":[{"id":1876,"href":"https:\/\/www.juristenkoffer.de\/richter\/wp-json\/wp\/v2\/posts\/135\/revisions\/1876"}],"wp:attachment":[{"href":"https:\/\/www.juristenkoffer.de\/richter\/wp-json\/wp\/v2\/media?parent=135"}],"wp:term":[{"taxonomy":"category","embeddable":true,"href":"https:\/\/www.juristenkoffer.de\/richter\/wp-json\/wp\/v2\/categories?post=135"},{"taxonomy":"post_tag","embeddable":true,"href":"https:\/\/www.juristenkoffer.de\/richter\/wp-json\/wp\/v2\/tags?post=135"}],"curies":[{"name":"wp","href":"https:\/\/api.w.org\/{rel}","templated":true}]}}