{"id":987,"date":"2011-09-05T07:36:24","date_gmt":"2011-09-05T05:36:24","guid":{"rendered":"http:\/\/www.juristenkoffer.de\/refblog\/?p=987"},"modified":"2013-06-22T18:09:06","modified_gmt":"2013-06-22T16:09:06","slug":"der-ablauf-einer-muendlichen-pruefung-in-nrw","status":"publish","type":"post","link":"https:\/\/www.juristenkoffer.de\/refblog\/nrw\/der-ablauf-einer-muendlichen-pruefung-in-nrw\/","title":{"rendered":"Der Ablauf einer m\u00fcndlichen Pr\u00fcfung in NRW"},"content":{"rendered":"<p><a href=\"https:\/\/www.juristenkoffer.de\/refblog\/wp-content\/uploads\/2009\/11\/MP900446994.jpg\"><img loading=\"lazy\" decoding=\"async\" class=\"alignleft size-full wp-image-4157\" src=\"https:\/\/www.juristenkoffer.de\/refblog\/wp-content\/uploads\/2009\/11\/MP900446994.jpg\" alt=\"\" width=\"150\" height=\"160\" \/><\/a>Zur Vorbereitung auf die m\u00fcndliche Pr\u00fcfung geh\u00f6rt nicht nur, dass man sich die Protokolle zu den Pr\u00fcfern besorgt und durcharbeitet sowie den Pr\u00fcfungsstoff nochmals wiederholt. Man sollte sich auch mit dem &#8222;Drumherum&#8220; besch\u00e4ftigen und sich dar\u00fcber informieren, wie genau der Tag der m\u00fcndlichen Pr\u00fcfung ablaufen wird.<\/p>\n<p>Ein\u00a0ehemaliger Referendar\u00a0aus NRW\u00a0\u00a0hat\u00a0den Tag der Pr\u00fcfung ausf\u00fchrlich beschrieben.\u00a0<!--more--><\/p>\n<p>Angefangen von der Ankunft beim LJPA &#8230;<\/p>\n<blockquote><p>[&#8230;] In Empfang genommen wird man von einem freundlichen Pf\u00f6rtner, der einen anschlie\u00dfend an den zust\u00e4ndigen Justizbediensteten \u00fcbergibt, der merkw\u00fcrdigerweise die gleiche Uniform tr\u00e4gt wie diejenigen, die man noch von der Staatsanwaltschaft her kennt: dort f\u00fchren die Damen und Herren aber H\u00e4ftlinge in den Gerichtssaal. [&#8230;]<\/p><\/blockquote>\n<p>&#8230; \u00fcber das ganz zu Anfang stattfindende Vorgespr\u00e4ch und den\u00a0konkreten Ablauf des Aktenvortrags &#8230;<\/p>\n<blockquote><p>[&#8230;] Im Vorbereitungsraum hat jeder Pr\u00fcfling einen Tisch f\u00fcr sich selbst, alle n\u00f6tigen Kommentare und Gesetze stehen zur Verf\u00fcgung. Wichtig ist, die Zeit im Auge zu behalten, aber das sollte angesichts der sorgf\u00e4ltigen Vorbereitung in Fleisch und Blut \u00fcbergegangen sein. [&#8230;]<\/p><\/blockquote>\n<p>&#8230; bis hin zum Pr\u00fcfungsgespr\u00e4ch selbst und Infos dazu, wo man nach dem Examen feiern kann. Ein wirklicher <a href=\"http:\/\/kleinblog.com\/2009\/03\/11\/mundliche-prufung-im-assessorexamen\/\" target=\"_blank\">guter Artikel<\/a>, den man vollst\u00e4ndig lesen sollte, um sich einen Eindruck \u00fcber den Tag der m\u00fcndlichen Pr\u00fcfung zu verschaffen!<\/p>\n","protected":false},"excerpt":{"rendered":"<p>Zur Vorbereitung auf die m\u00fcndliche Pr\u00fcfung geh\u00f6rt nicht nur, dass man sich die Protokolle zu den Pr\u00fcfern besorgt und durcharbeitet sowie den Pr\u00fcfungsstoff nochmals wiederholt. Man sollte sich auch mit dem &#8222;Drumherum&#8220; besch\u00e4ftigen und sich dar\u00fcber informieren, wie genau der Tag der m\u00fcndlichen Pr\u00fcfung ablaufen wird. Ein\u00a0ehemaliger Referendar\u00a0aus NRW\u00a0\u00a0hat\u00a0den Tag der Pr\u00fcfung ausf\u00fchrlich beschrieben.\u00a0<\/p>\n","protected":false},"author":2,"featured_media":0,"comment_status":"open","ping_status":"open","sticky":false,"template":"","format":"standard","meta":{"footnotes":""},"categories":[41,51],"tags":[298,205,1237],"class_list":["post-987","post","type-post","status-publish","format-standard","hentry","category-nrw","category-examen","tag-ablauf","tag-muendliche-pruefung","tag-nrw"],"_links":{"self":[{"href":"https:\/\/www.juristenkoffer.de\/refblog\/wp-json\/wp\/v2\/posts\/987","targetHints":{"allow":["GET"]}}],"collection":[{"href":"https:\/\/www.juristenkoffer.de\/refblog\/wp-json\/wp\/v2\/posts"}],"about":[{"href":"https:\/\/www.juristenkoffer.de\/refblog\/wp-json\/wp\/v2\/types\/post"}],"author":[{"embeddable":true,"href":"https:\/\/www.juristenkoffer.de\/refblog\/wp-json\/wp\/v2\/users\/2"}],"replies":[{"embeddable":true,"href":"https:\/\/www.juristenkoffer.de\/refblog\/wp-json\/wp\/v2\/comments?post=987"}],"version-history":[{"count":8,"href":"https:\/\/www.juristenkoffer.de\/refblog\/wp-json\/wp\/v2\/posts\/987\/revisions"}],"predecessor-version":[{"id":4156,"href":"https:\/\/www.juristenkoffer.de\/refblog\/wp-json\/wp\/v2\/posts\/987\/revisions\/4156"}],"wp:attachment":[{"href":"https:\/\/www.juristenkoffer.de\/refblog\/wp-json\/wp\/v2\/media?parent=987"}],"wp:term":[{"taxonomy":"category","embeddable":true,"href":"https:\/\/www.juristenkoffer.de\/refblog\/wp-json\/wp\/v2\/categories?post=987"},{"taxonomy":"post_tag","embeddable":true,"href":"https:\/\/www.juristenkoffer.de\/refblog\/wp-json\/wp\/v2\/tags?post=987"}],"curies":[{"name":"wp","href":"https:\/\/api.w.org\/{rel}","templated":true}]}}