{"id":9863,"date":"2015-01-21T08:51:24","date_gmt":"2015-01-21T06:51:24","guid":{"rendered":"http:\/\/www.juristenkoffer.de\/refblog\/?p=9863"},"modified":"2015-01-20T18:20:48","modified_gmt":"2015-01-20T16:20:48","slug":"station-bei-der-froebel-gruppe","status":"publish","type":"post","link":"https:\/\/www.juristenkoffer.de\/refblog\/wahlstation\/station-bei-der-froebel-gruppe\/","title":{"rendered":"Station bei der FR\u00d6BEL-Gruppe"},"content":{"rendered":"<p><img loading=\"lazy\" decoding=\"async\" class=\"alignleft size-thumbnail wp-image-9864\" src=\"https:\/\/www.juristenkoffer.de\/refblog\/wp-content\/uploads\/2015\/01\/796-150x150.jpg\" alt=\"\" width=\"150\" height=\"150\" \/>Die FR\u00d6BEL-Gruppe betreibt Kinderg\u00e4rten, Horte und Familienberatungseinrichtungen in mehreren gemeinn\u00fctzigen Gesellschaften in einigen Bundesl\u00e4ndern Deutschlands. Derzeit wird in Berlin ein Rechtsreferendar (w\/m) gesucht.<\/p>\n<p>Wer sich gerne mit Fragestellungen\u00a0insbesondere aus dem Bereich des Arbeits- und Sozialrechts besch\u00e4ftigt, sollte sich unbedingt das <a href=\"http:\/\/www.stationsradar.de\/froebel-gruppe\/rechtsreferendar-w-m-in-berlin-gesucht.php\">Stationsangebot der FR\u00d6BEL-Gruppe<\/a> auf Stationsradar.de durchlesen!<\/p>\n","protected":false},"excerpt":{"rendered":"<p>Die FR\u00d6BEL-Gruppe betreibt Kinderg\u00e4rten, Horte und Familienberatungseinrichtungen in mehreren gemeinn\u00fctzigen Gesellschaften in einigen Bundesl\u00e4ndern Deutschlands. Derzeit wird in Berlin ein Rechtsreferendar (w\/m) gesucht. Wer sich gerne mit Fragestellungen\u00a0insbesondere aus dem Bereich des Arbeits- und Sozialrechts besch\u00e4ftigt, sollte sich unbedingt das Stationsangebot der FR\u00d6BEL-Gruppe auf Stationsradar.de durchlesen!<\/p>\n","protected":false},"author":2,"featured_media":0,"comment_status":"open","ping_status":"open","sticky":false,"template":"","format":"standard","meta":{"footnotes":""},"categories":[117,118,948,7],"tags":[],"class_list":["post-9863","post","type-post","status-publish","format-standard","hentry","category-berlin","category-brandenburg","category-stationsangebote-veranstaltungen","category-wahlstation"],"_links":{"self":[{"href":"https:\/\/www.juristenkoffer.de\/refblog\/wp-json\/wp\/v2\/posts\/9863","targetHints":{"allow":["GET"]}}],"collection":[{"href":"https:\/\/www.juristenkoffer.de\/refblog\/wp-json\/wp\/v2\/posts"}],"about":[{"href":"https:\/\/www.juristenkoffer.de\/refblog\/wp-json\/wp\/v2\/types\/post"}],"author":[{"embeddable":true,"href":"https:\/\/www.juristenkoffer.de\/refblog\/wp-json\/wp\/v2\/users\/2"}],"replies":[{"embeddable":true,"href":"https:\/\/www.juristenkoffer.de\/refblog\/wp-json\/wp\/v2\/comments?post=9863"}],"version-history":[{"count":2,"href":"https:\/\/www.juristenkoffer.de\/refblog\/wp-json\/wp\/v2\/posts\/9863\/revisions"}],"predecessor-version":[{"id":9866,"href":"https:\/\/www.juristenkoffer.de\/refblog\/wp-json\/wp\/v2\/posts\/9863\/revisions\/9866"}],"wp:attachment":[{"href":"https:\/\/www.juristenkoffer.de\/refblog\/wp-json\/wp\/v2\/media?parent=9863"}],"wp:term":[{"taxonomy":"category","embeddable":true,"href":"https:\/\/www.juristenkoffer.de\/refblog\/wp-json\/wp\/v2\/categories?post=9863"},{"taxonomy":"post_tag","embeddable":true,"href":"https:\/\/www.juristenkoffer.de\/refblog\/wp-json\/wp\/v2\/tags?post=9863"}],"curies":[{"name":"wp","href":"https:\/\/api.w.org\/{rel}","templated":true}]}}