{"id":9854,"date":"2015-01-12T12:30:06","date_gmt":"2015-01-12T10:30:06","guid":{"rendered":"http:\/\/www.juristenkoffer.de\/refblog\/?p=9854"},"modified":"2015-01-12T12:31:05","modified_gmt":"2015-01-12T10:31:05","slug":"neue-unterhaltsbeihilfeverordnung-fuer-referendare-aus-nrw","status":"publish","type":"post","link":"https:\/\/www.juristenkoffer.de\/refblog\/allgemein\/neue-unterhaltsbeihilfeverordnung-fuer-referendare-aus-nrw\/","title":{"rendered":"Neue Unterhaltsbeihilfeverordnung f\u00fcr Referendare aus NRW"},"content":{"rendered":"<p><img loading=\"lazy\" decoding=\"async\" class=\"alignleft size-thumbnail wp-image-8264\" src=\"https:\/\/www.juristenkoffer.de\/refblog\/wp-content\/uploads\/2013\/09\/wvwrvwrtv2-150x150.jpg\" alt=\"\" width=\"150\" height=\"150\" \/>Wie wir in den RefNews bereits berichteten, hatte das <a href=\"https:\/\/www.juristenkoffer.de\/refblog\/allgemein\/rechtsreferendare-in-nrw-erhalten-gehaltsnachzahlung\/\">OVG M\u00fcnster<\/a> entschieden, dass das Land NRW jahrelang die Unterhaltsbeihilfe der Rechtsreferendare falsch berechnet hat. Offenbar ist dieses Urteil noch nicht rechtskr\u00e4ftig, da Revision eingelegt wurde.<\/p>\n<p>Trotz alledem hat der Verordnungsgeber bereits reagiert und eine neue Beihilfeverordnung erlassen.<!--more--><\/p>\n<p>Die gr\u00f6\u00dfte \u00c4nderung: Anders als in der bisherigen Verordnung richtet sich die H\u00f6he der Unterhaltsbeihilfe nicht nach einem Anw\u00e4rtergrundbetrag. Vielmehr wurde die H\u00f6he der Beihilfe nun ausdr\u00fccklich beziffert. Sie betr\u00e4gt nunmehr\u00a01.104,17 Euro.<\/p>\n<p>Die neue &#8222;<a href=\"https:\/\/recht.nrw.de\/lmi\/owa\/br_bes_text?anw_nr=2&amp;gld_nr=2&amp;ugl_nr=20321&amp;bes_id=28585&amp;menu=1&amp;sg=0&amp;aufgehoben=N\" target=\"_blank\">Verordnung\u00a0\u00fcber die Gew\u00e4hrung einer monatlichen Unterhaltsbeihilfe an Rechtsreferendarinnen und Rechtsreferendare<\/a>&#8220; gilt seit\u00a0dem 01.11.2014.<\/p>\n","protected":false},"excerpt":{"rendered":"<p>Wie wir in den RefNews bereits berichteten, hatte das OVG M\u00fcnster entschieden, dass das Land NRW jahrelang die Unterhaltsbeihilfe der Rechtsreferendare falsch berechnet hat. Offenbar ist dieses Urteil noch nicht rechtskr\u00e4ftig, da Revision eingelegt wurde. Trotz alledem hat der Verordnungsgeber bereits reagiert und eine neue Beihilfeverordnung erlassen.<\/p>\n","protected":false},"author":2,"featured_media":0,"comment_status":"open","ping_status":"open","sticky":false,"template":"","format":"standard","meta":{"footnotes":""},"categories":[1,41],"tags":[],"class_list":["post-9854","post","type-post","status-publish","format-standard","hentry","category-allgemein","category-nrw"],"_links":{"self":[{"href":"https:\/\/www.juristenkoffer.de\/refblog\/wp-json\/wp\/v2\/posts\/9854","targetHints":{"allow":["GET"]}}],"collection":[{"href":"https:\/\/www.juristenkoffer.de\/refblog\/wp-json\/wp\/v2\/posts"}],"about":[{"href":"https:\/\/www.juristenkoffer.de\/refblog\/wp-json\/wp\/v2\/types\/post"}],"author":[{"embeddable":true,"href":"https:\/\/www.juristenkoffer.de\/refblog\/wp-json\/wp\/v2\/users\/2"}],"replies":[{"embeddable":true,"href":"https:\/\/www.juristenkoffer.de\/refblog\/wp-json\/wp\/v2\/comments?post=9854"}],"version-history":[{"count":3,"href":"https:\/\/www.juristenkoffer.de\/refblog\/wp-json\/wp\/v2\/posts\/9854\/revisions"}],"predecessor-version":[{"id":9857,"href":"https:\/\/www.juristenkoffer.de\/refblog\/wp-json\/wp\/v2\/posts\/9854\/revisions\/9857"}],"wp:attachment":[{"href":"https:\/\/www.juristenkoffer.de\/refblog\/wp-json\/wp\/v2\/media?parent=9854"}],"wp:term":[{"taxonomy":"category","embeddable":true,"href":"https:\/\/www.juristenkoffer.de\/refblog\/wp-json\/wp\/v2\/categories?post=9854"},{"taxonomy":"post_tag","embeddable":true,"href":"https:\/\/www.juristenkoffer.de\/refblog\/wp-json\/wp\/v2\/tags?post=9854"}],"curies":[{"name":"wp","href":"https:\/\/api.w.org\/{rel}","templated":true}]}}