{"id":9720,"date":"2014-11-24T07:33:32","date_gmt":"2014-11-24T05:33:32","guid":{"rendered":"http:\/\/www.juristenkoffer.de\/refblog\/?p=9720"},"modified":"2016-03-04T19:39:01","modified_gmt":"2016-03-04T17:39:01","slug":"mit-recht-karriere-machen","status":"publish","type":"post","link":"https:\/\/www.juristenkoffer.de\/refblog\/anwaltsstation\/mit-recht-karriere-machen\/","title":{"rendered":"Mit Recht Karriere machen"},"content":{"rendered":"<p><img loading=\"lazy\" decoding=\"async\" class=\"alignleft size-thumbnail wp-image-9570\" src=\"https:\/\/www.juristenkoffer.de\/refblog\/wp-content\/uploads\/2014\/10\/112-150x150.png\" alt=\"\" width=\"150\" height=\"150\" \/>Die JURAcon &#8211; Jobmessen sind perfekte Gelegenheiten, eine Kanzlei f\u00fcr die Anwaltsstation im Referendariat oder sogar einen Arbeitgeber f\u00fcr den Berufseinstieg zu finden.<\/p>\n<p>Die n\u00e4chste JURAcon &#8211; Messe findet am 02. Dezember in Berlin statt. Alle weiteren Infos &#8211; auch zur Anmeldung und Vorabbewerbung &#8211; findest Du nun im Veranstaltungskalender auf <a href=\"http:\/\/www.stationsradar.de\/iqb-career-services-gmbh\/juracon-berlin.php\">Stationsradar.de<\/a>!<\/p>\n","protected":false},"excerpt":{"rendered":"<p>Die JURAcon &#8211; Jobmessen sind perfekte Gelegenheiten, eine Kanzlei f\u00fcr die Anwaltsstation im Referendariat oder sogar einen Arbeitgeber f\u00fcr den Berufseinstieg zu finden. Die n\u00e4chste JURAcon &#8211; Messe findet am 02. Dezember in Berlin statt. Alle weiteren Infos &#8211; auch zur Anmeldung und Vorabbewerbung &#8211; findest Du nun im Veranstaltungskalender auf Stationsradar.de!<\/p>\n","protected":false},"author":2,"featured_media":0,"comment_status":"open","ping_status":"open","sticky":false,"template":"","format":"standard","meta":{"footnotes":""},"categories":[48,948],"tags":[],"class_list":["post-9720","post","type-post","status-publish","format-standard","hentry","category-anwaltsstation","category-stationsangebote-veranstaltungen"],"_links":{"self":[{"href":"https:\/\/www.juristenkoffer.de\/refblog\/wp-json\/wp\/v2\/posts\/9720","targetHints":{"allow":["GET"]}}],"collection":[{"href":"https:\/\/www.juristenkoffer.de\/refblog\/wp-json\/wp\/v2\/posts"}],"about":[{"href":"https:\/\/www.juristenkoffer.de\/refblog\/wp-json\/wp\/v2\/types\/post"}],"author":[{"embeddable":true,"href":"https:\/\/www.juristenkoffer.de\/refblog\/wp-json\/wp\/v2\/users\/2"}],"replies":[{"embeddable":true,"href":"https:\/\/www.juristenkoffer.de\/refblog\/wp-json\/wp\/v2\/comments?post=9720"}],"version-history":[{"count":3,"href":"https:\/\/www.juristenkoffer.de\/refblog\/wp-json\/wp\/v2\/posts\/9720\/revisions"}],"predecessor-version":[{"id":9722,"href":"https:\/\/www.juristenkoffer.de\/refblog\/wp-json\/wp\/v2\/posts\/9720\/revisions\/9722"}],"wp:attachment":[{"href":"https:\/\/www.juristenkoffer.de\/refblog\/wp-json\/wp\/v2\/media?parent=9720"}],"wp:term":[{"taxonomy":"category","embeddable":true,"href":"https:\/\/www.juristenkoffer.de\/refblog\/wp-json\/wp\/v2\/categories?post=9720"},{"taxonomy":"post_tag","embeddable":true,"href":"https:\/\/www.juristenkoffer.de\/refblog\/wp-json\/wp\/v2\/tags?post=9720"}],"curies":[{"name":"wp","href":"https:\/\/api.w.org\/{rel}","templated":true}]}}