{"id":9713,"date":"2014-11-18T16:57:19","date_gmt":"2014-11-18T14:57:19","guid":{"rendered":"http:\/\/www.juristenkoffer.de\/refblog\/?p=9713"},"modified":"2014-11-18T16:57:19","modified_gmt":"2014-11-18T14:57:19","slug":"rechtsreferendare-in-nrw-erhalten-gehaltsnachzahlung","status":"publish","type":"post","link":"https:\/\/www.juristenkoffer.de\/refblog\/allgemein\/rechtsreferendare-in-nrw-erhalten-gehaltsnachzahlung\/","title":{"rendered":"Rechtsreferendare in NRW erhalten Gehaltsnachzahlung"},"content":{"rendered":"<p><img loading=\"lazy\" decoding=\"async\" class=\"alignleft size-thumbnail wp-image-8264\" src=\"https:\/\/www.juristenkoffer.de\/refblog\/wp-content\/uploads\/2013\/09\/wvwrvwrtv2-150x150.jpg\" alt=\"\" width=\"150\" height=\"150\" \/>Nach dem VG Minden (<a href=\"https:\/\/www.juristenkoffer.de\/refblog\/allgemein\/unterhaltsbeihilfe-nachzahlung-fuer-referendare-aus-nrw-rueckt-naeher\/\">wir berichteten am 04. Juni 2014<\/a>) hat nun auch das OVG M\u00fcnster entschieden, dass die Referendare gegen das Land NRW Anspruch auf Gehaltsnachzahlung haben. Es stellte wie die Vorinstanz fest, dass Nordrhein-Westfalen seit der F\u00f6deralismusreform die H\u00f6he der Unterhaltsbeihilfe falsch berechnet hat.<\/p>\n<p>Grund der fehlerhaften Berechnung ist die Ankn\u00fcpfung an den niederigeren Anw\u00e4rtergrundbetrag <em>des Landes NRW<\/em>.<!--more--> Laut der Beihilfeverordnung betr\u00e4gt aber\u00a0der Grundbetrag dieser Unterhaltsbeihilfe 85% des h\u00f6chsten nach dem <em>Bundesbesoldungsgesetz<\/em> beamteten Referendaren gezahlten Anw\u00e4rtergrundbetrages.<\/p>\n<p>Die Ankn\u00fcpfung an das Landesgesetz sei gerechtfertigt, so das Land NRW,\u00a0weil seit der F\u00f6deralismusreform im Jahr 2006 nicht mehr der Bund, sondern das Land f\u00fcr die gesetzliche Regelung der Besoldung der Beamten und damit auch der beamteten Referendare zust\u00e4ndig sei. Die Verweisung in der Rechtsverordnung auf das Bundesbesoldungsgesetz sei demgem\u00e4\u00df im Licht dieser \u00c4nderung zu interpretieren.<\/p>\n<p>Dieser Argumentation, die vollst\u00e4ndig gegen den eindeutigen Wortlaut der Beihilfeverordnung steht, folgte das OVG M\u00fcnster nicht.<\/p>\n<p>Derzeit ist das Urteil noch nicht ver\u00f6ffentlicht; eine entsprechende Pressemitteilung findet sich aber bereits auf der <a href=\"http:\/\/www.ovg.nrw.de\/behoerde\/presse\/pressemitteilungen\/33_141118\/index.php\" target=\"_blank\">Seite des OVG NRW<\/a>.<\/p>\n","protected":false},"excerpt":{"rendered":"<p>Nach dem VG Minden (wir berichteten am 04. Juni 2014) hat nun auch das OVG M\u00fcnster entschieden, dass die Referendare gegen das Land NRW Anspruch auf Gehaltsnachzahlung haben. Es stellte wie die Vorinstanz fest, dass Nordrhein-Westfalen seit der F\u00f6deralismusreform die H\u00f6he der Unterhaltsbeihilfe falsch berechnet hat. Grund der fehlerhaften Berechnung ist die Ankn\u00fcpfung an den [&hellip;]<\/p>\n","protected":false},"author":2,"featured_media":0,"comment_status":"open","ping_status":"open","sticky":false,"template":"","format":"standard","meta":{"footnotes":""},"categories":[1,41],"tags":[],"class_list":["post-9713","post","type-post","status-publish","format-standard","hentry","category-allgemein","category-nrw"],"_links":{"self":[{"href":"https:\/\/www.juristenkoffer.de\/refblog\/wp-json\/wp\/v2\/posts\/9713","targetHints":{"allow":["GET"]}}],"collection":[{"href":"https:\/\/www.juristenkoffer.de\/refblog\/wp-json\/wp\/v2\/posts"}],"about":[{"href":"https:\/\/www.juristenkoffer.de\/refblog\/wp-json\/wp\/v2\/types\/post"}],"author":[{"embeddable":true,"href":"https:\/\/www.juristenkoffer.de\/refblog\/wp-json\/wp\/v2\/users\/2"}],"replies":[{"embeddable":true,"href":"https:\/\/www.juristenkoffer.de\/refblog\/wp-json\/wp\/v2\/comments?post=9713"}],"version-history":[{"count":1,"href":"https:\/\/www.juristenkoffer.de\/refblog\/wp-json\/wp\/v2\/posts\/9713\/revisions"}],"predecessor-version":[{"id":9714,"href":"https:\/\/www.juristenkoffer.de\/refblog\/wp-json\/wp\/v2\/posts\/9713\/revisions\/9714"}],"wp:attachment":[{"href":"https:\/\/www.juristenkoffer.de\/refblog\/wp-json\/wp\/v2\/media?parent=9713"}],"wp:term":[{"taxonomy":"category","embeddable":true,"href":"https:\/\/www.juristenkoffer.de\/refblog\/wp-json\/wp\/v2\/categories?post=9713"},{"taxonomy":"post_tag","embeddable":true,"href":"https:\/\/www.juristenkoffer.de\/refblog\/wp-json\/wp\/v2\/tags?post=9713"}],"curies":[{"name":"wp","href":"https:\/\/api.w.org\/{rel}","templated":true}]}}