{"id":9501,"date":"2014-09-26T08:47:13","date_gmt":"2014-09-26T06:47:13","guid":{"rendered":"http:\/\/www.juristenkoffer.de\/refblog\/?p=9501"},"modified":"2014-10-16T14:24:02","modified_gmt":"2014-10-16T12:24:02","slug":"neues-stationsangebot-fuer-referendare","status":"publish","type":"post","link":"https:\/\/www.juristenkoffer.de\/refblog\/bremen\/neues-stationsangebot-fuer-referendare\/","title":{"rendered":"Neues Stationsangebot f\u00fcr Referendare"},"content":{"rendered":"<p><img loading=\"lazy\" decoding=\"async\" class=\"alignleft size-thumbnail wp-image-9590\" src=\"https:\/\/www.juristenkoffer.de\/refblog\/wp-content\/uploads\/2014\/09\/drh-150x150.png\" alt=\"\" width=\"150\" height=\"150\" \/>Dr. Mysegades und Weber ist eine Kanzlei und Notariat mit zivil- und arbeitsrechtlichem Schwerpunkt. Gesucht wird derzeit ein Rechtsreferendar \/ eine Rechtsreferendarin f\u00fcr die Anwaltsstation.<\/p>\n<p>Informiere Dich jetzt \u00fcber dieses interessante <a href=\"http:\/\/www.stationsradar.de\/dr-mysegades-und-weber\/rechtsreferendar-in-in-bremen-weyhe-gesucht.php\">Stationsangebot f\u00fcr Rechtsreferendare<\/a>! Auf Stationsradar.de erscheinen t\u00e4glich neue Anzeigen von vielen Kanzleien und Unternehmen.<\/p>\n","protected":false},"excerpt":{"rendered":"<p>Dr. Mysegades und Weber ist eine Kanzlei und Notariat mit zivil- und arbeitsrechtlichem Schwerpunkt. Gesucht wird derzeit ein Rechtsreferendar \/ eine Rechtsreferendarin f\u00fcr die Anwaltsstation. Informiere Dich jetzt \u00fcber dieses interessante Stationsangebot f\u00fcr Rechtsreferendare! Auf Stationsradar.de erscheinen t\u00e4glich neue Anzeigen von vielen Kanzleien und Unternehmen.<\/p>\n","protected":false},"author":2,"featured_media":0,"comment_status":"open","ping_status":"open","sticky":false,"template":"","format":"standard","meta":{"footnotes":""},"categories":[48,44,948],"tags":[],"class_list":["post-9501","post","type-post","status-publish","format-standard","hentry","category-anwaltsstation","category-bremen","category-stationsangebote-veranstaltungen"],"_links":{"self":[{"href":"https:\/\/www.juristenkoffer.de\/refblog\/wp-json\/wp\/v2\/posts\/9501","targetHints":{"allow":["GET"]}}],"collection":[{"href":"https:\/\/www.juristenkoffer.de\/refblog\/wp-json\/wp\/v2\/posts"}],"about":[{"href":"https:\/\/www.juristenkoffer.de\/refblog\/wp-json\/wp\/v2\/types\/post"}],"author":[{"embeddable":true,"href":"https:\/\/www.juristenkoffer.de\/refblog\/wp-json\/wp\/v2\/users\/2"}],"replies":[{"embeddable":true,"href":"https:\/\/www.juristenkoffer.de\/refblog\/wp-json\/wp\/v2\/comments?post=9501"}],"version-history":[{"count":4,"href":"https:\/\/www.juristenkoffer.de\/refblog\/wp-json\/wp\/v2\/posts\/9501\/revisions"}],"predecessor-version":[{"id":9591,"href":"https:\/\/www.juristenkoffer.de\/refblog\/wp-json\/wp\/v2\/posts\/9501\/revisions\/9591"}],"wp:attachment":[{"href":"https:\/\/www.juristenkoffer.de\/refblog\/wp-json\/wp\/v2\/media?parent=9501"}],"wp:term":[{"taxonomy":"category","embeddable":true,"href":"https:\/\/www.juristenkoffer.de\/refblog\/wp-json\/wp\/v2\/categories?post=9501"},{"taxonomy":"post_tag","embeddable":true,"href":"https:\/\/www.juristenkoffer.de\/refblog\/wp-json\/wp\/v2\/tags?post=9501"}],"curies":[{"name":"wp","href":"https:\/\/api.w.org\/{rel}","templated":true}]}}