{"id":9438,"date":"2014-09-11T18:12:40","date_gmt":"2014-09-11T16:12:40","guid":{"rendered":"http:\/\/www.juristenkoffer.de\/refblog\/?p=9438"},"modified":"2014-09-11T18:21:03","modified_gmt":"2014-09-11T16:21:03","slug":"speyer-semester-pro-contra","status":"publish","type":"post","link":"https:\/\/www.juristenkoffer.de\/refblog\/verwaltungsstation\/speyer-semester-pro-contra\/","title":{"rendered":"Das Speyer-Semester: Pro &#038; Contra"},"content":{"rendered":"<p><img loading=\"lazy\" decoding=\"async\" class=\"alignleft size-full wp-image-9439\" alt=\"\" src=\"https:\/\/www.juristenkoffer.de\/refblog\/wp-content\/uploads\/2014\/09\/DHV.png\" width=\"150\" height=\"160\" \/>Als Referendar hat man die M\u00f6glichkeit, an die Universit\u00e4t f\u00fcr Verwaltungswissenschaften in Speyer zu gehen und\u00a0ein Erg\u00e4nzungsstudium zu absolvieren &#8211; das sogenannte &#8222;Speyer-Semester&#8220;.<\/p>\n<p>Auf der Seite der Referendare im Saarland ist nun ein neuer Erfahrungsbericht dazu erschienen.\u00a0Susanne Kasztantowicz z\u00e4hlt in ihrem Bericht einige\u00a0<a href=\"http:\/\/www.referendare-saarland.de\/wp-content\/uploads\/2014\/08\/StationSpeyer.pdf\" target=\"_blank\">Pros und Contras des Studiums an der DUV<\/a> auf.<!--more--><\/p>\n<p>Viele weitere Informationen sowie Links zu weiteren Erfahrungsberichten findest Du auf unsere \u00dcbersichtsseite zum <a href=\"https:\/\/www.juristenkoffer.de\/rechtsreferendariat\/speyer-semester\/\">Erg\u00e4nzungsstudium f\u00fcr Rechtsreferendare an der Uni Speyer<\/a>!<\/p>\n","protected":false},"excerpt":{"rendered":"<p>Als Referendar hat man die M\u00f6glichkeit, an die Universit\u00e4t f\u00fcr Verwaltungswissenschaften in Speyer zu gehen und\u00a0ein Erg\u00e4nzungsstudium zu absolvieren &#8211; das sogenannte &#8222;Speyer-Semester&#8220;. Auf der Seite der Referendare im Saarland ist nun ein neuer Erfahrungsbericht dazu erschienen.\u00a0Susanne Kasztantowicz z\u00e4hlt in ihrem Bericht einige\u00a0Pros und Contras des Studiums an der DUV auf.<\/p>\n","protected":false},"author":2,"featured_media":0,"comment_status":"open","ping_status":"open","sticky":false,"template":"","format":"standard","meta":{"footnotes":""},"categories":[5],"tags":[],"class_list":["post-9438","post","type-post","status-publish","format-standard","hentry","category-verwaltungsstation"],"_links":{"self":[{"href":"https:\/\/www.juristenkoffer.de\/refblog\/wp-json\/wp\/v2\/posts\/9438","targetHints":{"allow":["GET"]}}],"collection":[{"href":"https:\/\/www.juristenkoffer.de\/refblog\/wp-json\/wp\/v2\/posts"}],"about":[{"href":"https:\/\/www.juristenkoffer.de\/refblog\/wp-json\/wp\/v2\/types\/post"}],"author":[{"embeddable":true,"href":"https:\/\/www.juristenkoffer.de\/refblog\/wp-json\/wp\/v2\/users\/2"}],"replies":[{"embeddable":true,"href":"https:\/\/www.juristenkoffer.de\/refblog\/wp-json\/wp\/v2\/comments?post=9438"}],"version-history":[{"count":3,"href":"https:\/\/www.juristenkoffer.de\/refblog\/wp-json\/wp\/v2\/posts\/9438\/revisions"}],"predecessor-version":[{"id":9442,"href":"https:\/\/www.juristenkoffer.de\/refblog\/wp-json\/wp\/v2\/posts\/9438\/revisions\/9442"}],"wp:attachment":[{"href":"https:\/\/www.juristenkoffer.de\/refblog\/wp-json\/wp\/v2\/media?parent=9438"}],"wp:term":[{"taxonomy":"category","embeddable":true,"href":"https:\/\/www.juristenkoffer.de\/refblog\/wp-json\/wp\/v2\/categories?post=9438"},{"taxonomy":"post_tag","embeddable":true,"href":"https:\/\/www.juristenkoffer.de\/refblog\/wp-json\/wp\/v2\/tags?post=9438"}],"curies":[{"name":"wp","href":"https:\/\/api.w.org\/{rel}","templated":true}]}}