{"id":9310,"date":"2014-07-17T07:51:51","date_gmt":"2014-07-17T05:51:51","guid":{"rendered":"http:\/\/www.juristenkoffer.de\/refblog\/?p=9310"},"modified":"2014-07-16T22:05:21","modified_gmt":"2014-07-16T20:05:21","slug":"es-geht-voran-im-referendariat","status":"publish","type":"post","link":"https:\/\/www.juristenkoffer.de\/refblog\/zivilrechtsstation\/es-geht-voran-im-referendariat\/","title":{"rendered":"Es geht voran im Referendariat"},"content":{"rendered":"<p><img loading=\"lazy\" decoding=\"async\" class=\"alignleft size-thumbnail wp-image-7558\" alt=\"\" src=\"https:\/\/www.juristenkoffer.de\/refblog\/wp-content\/uploads\/2013\/04\/MP900309640-150x150.jpg\" width=\"150\" height=\"150\" \/>Mitlerweile liegt der erste Sitzungstag hinter mir und die erste richtige Akte ist auch schon bearbeitet.<\/p>\n<p>Ich frage mich, wo die ersten 5 Wochen geblieben sind. Vor allem bekomme ich Bauchgrummeln, da ich schon jetzt das Gef\u00fchl habe, neues Wissen von einem ganzen Jahr eingefl\u00f6st bekommen zu haben. Ich hoffe, das Sprichwort &#8222;\u00dcbung macht den Meister&#8220; trifft zu.<!--more--><\/p>\n<p>Aber auch, wenn sich das alles vielleicht ein bisschen abschreckend anh\u00f6rt, es macht definitiv Spa\u00df. Mir jedenfalls. Selber den Sachverhalt aus Kl\u00e4ger- und Beklagtenvortrag zusammensuchen, ist doch bei Weitem spannender, als ihn einfach pr\u00e4sentiert zu bekommen. Allerdings wird es dann auch etwas kniffelig, wenn man sich dann zwischen Kl\u00e4ger und Beklagtem entscheiden muss. Welcher Zeuge sagt denn nun die Wahrheit oder wer trickst einfach nur gut? Momentan habe ich da noch Bef\u00fcrchtung, dass man das nie erkennen wird. Allerdings hat mir mein Einzelbilder Mut gemacht, da er meinte, dass man da im Laufe der Zeit auch ein Gef\u00fchl f\u00fcr entwickelt. Mal sehen, ob sich das bewahrheitet.<\/p>\n<p>Nat\u00fcrlich bleibt aber auch das normale Leben nicht ganz auf der Strecke. Die ersten beiden Abende zusammen mit der AG-Gruppe fanden auch schon statt. Auch, wenn man sich jetzt nur noch einmal die Woche planm\u00e4\u00dfig zur AG sieht, kommt es mir gar nicht so selten vor. Die Zeit vergeht einfach wie im Flug, da man entweder nacharbeitet, lernt (f\u00fcr den Aktenvortrag und die nahende 1. Klausur) oder die Akten f\u00fcr den Einzelausbilder bearbeitet.<\/p>\n<p>Eine Bewerbung f\u00fcr die Verwaltungsstation habe ich die Tage auch schon geschrieben, da wohl viele interessante Stellen schon ewig vorher belegt sind. Ich hoffe auf eine positive Nachricht, da \u00f6ffentliches Recht nicht ganz mein Steckenpferd ist und ich nicht wirklich bei einer &#8222;unspektakul\u00e4ren&#8220; Beh\u00f6rde versauern oder gar vom LG zugewiesen werden will.<\/p>\n<p>Kurz gesagt: Langeweile kommt keine auf ;o)<\/p>\n","protected":false},"excerpt":{"rendered":"<p>Mitlerweile liegt der erste Sitzungstag hinter mir und die erste richtige Akte ist auch schon bearbeitet. Ich frage mich, wo die ersten 5 Wochen geblieben sind. Vor allem bekomme ich Bauchgrummeln, da ich schon jetzt das Gef\u00fchl habe, neues Wissen von einem ganzen Jahr eingefl\u00f6st bekommen zu haben. Ich hoffe, das Sprichwort &#8222;\u00dcbung macht den [&hellip;]<\/p>\n","protected":false},"author":51,"featured_media":0,"comment_status":"open","ping_status":"open","sticky":false,"template":"","format":"standard","meta":{"footnotes":""},"categories":[8],"tags":[],"class_list":["post-9310","post","type-post","status-publish","format-standard","hentry","category-zivilrechtsstation"],"_links":{"self":[{"href":"https:\/\/www.juristenkoffer.de\/refblog\/wp-json\/wp\/v2\/posts\/9310","targetHints":{"allow":["GET"]}}],"collection":[{"href":"https:\/\/www.juristenkoffer.de\/refblog\/wp-json\/wp\/v2\/posts"}],"about":[{"href":"https:\/\/www.juristenkoffer.de\/refblog\/wp-json\/wp\/v2\/types\/post"}],"author":[{"embeddable":true,"href":"https:\/\/www.juristenkoffer.de\/refblog\/wp-json\/wp\/v2\/users\/51"}],"replies":[{"embeddable":true,"href":"https:\/\/www.juristenkoffer.de\/refblog\/wp-json\/wp\/v2\/comments?post=9310"}],"version-history":[{"count":4,"href":"https:\/\/www.juristenkoffer.de\/refblog\/wp-json\/wp\/v2\/posts\/9310\/revisions"}],"predecessor-version":[{"id":9334,"href":"https:\/\/www.juristenkoffer.de\/refblog\/wp-json\/wp\/v2\/posts\/9310\/revisions\/9334"}],"wp:attachment":[{"href":"https:\/\/www.juristenkoffer.de\/refblog\/wp-json\/wp\/v2\/media?parent=9310"}],"wp:term":[{"taxonomy":"category","embeddable":true,"href":"https:\/\/www.juristenkoffer.de\/refblog\/wp-json\/wp\/v2\/categories?post=9310"},{"taxonomy":"post_tag","embeddable":true,"href":"https:\/\/www.juristenkoffer.de\/refblog\/wp-json\/wp\/v2\/tags?post=9310"}],"curies":[{"name":"wp","href":"https:\/\/api.w.org\/{rel}","templated":true}]}}