{"id":9037,"date":"2014-04-25T11:13:37","date_gmt":"2014-04-25T09:13:37","guid":{"rendered":"http:\/\/www.juristenkoffer.de\/refblog\/?p=9037"},"modified":"2014-04-25T11:13:37","modified_gmt":"2014-04-25T09:13:37","slug":"update-justizministerin-rechnet-mit-aberkennung-von-examina","status":"publish","type":"post","link":"https:\/\/www.juristenkoffer.de\/refblog\/niedersachsen\/update-justizministerin-rechnet-mit-aberkennung-von-examina\/","title":{"rendered":"UPDATE: Justizministerin rechnet mit Aberkennung von Examina"},"content":{"rendered":"<p><img loading=\"lazy\" decoding=\"async\" class=\"alignleft size-full wp-image-6146\" alt=\"\" src=\"https:\/\/www.juristenkoffer.de\/refblog\/wp-content\/uploads\/2012\/07\/ubv.jpg\" width=\"150\" height=\"150\" \/>In dem Skandal um <a href=\"https:\/\/www.juristenkoffer.de\/refblog\/niedersachsen\/skandal-in-niedersachsen-2-examen-war-kaeuflich\/\">verkaufte Examenssachverhalte in Niedersachsen<\/a> rechnet die Justizministerin\u00a0Antje Niewisch-Lennartz damit, dass in Folge der \u00dcberpr\u00fcfung tausender Examensarbeiten einige Staatsexamen aberkannt werden m\u00fcssen. Dies berichtet die\u00a0<a href=\"http:\/\/www.noz.de\/deutschland-welt\/niedersachsen\/artikel\/469356\/ministerin-erwartet-streichung-von-examen\" target=\"_blank\">Neue Osnabr\u00fccker Zeitung<\/a><a>.\u00a0<\/a>Im\u00a0Rechtsausschusses des Nieders\u00e4chsischen Landtages \u00e4u\u00dferte sich die Justizministerin zum weiteren Pr\u00fcfungsverfahren.<!--more--><\/p>\n<p>Derzeit w\u00fcrden 3 Teams aus Richtern und Staatsanw\u00e4lten mit je 12 Personen die Examensarbeiten aus der Zeit \u00fcberpr\u00fcfen, in der der beschuldigte Richter Referatsleiter im Justizpr\u00fcfungsamt war und Zugang zu den Sachverhalten des 2. Examens hatte. Bei der \u00dcberpr\u00fcfung gebe es\u00a0drei Gruppen mit besonders hoher Priorit\u00e4t:<\/p>\n<ul>\n<li>eine mit konkreten, von der Staatsanwaltschaft \u00fcbermittelten Verdachtsf\u00e4llen,<\/li>\n<li>eine mit etwa 200 f\u00fcr den Richter offenbar besonders lukrativen Wiederholern des 2. Staatsexamens und<\/li>\n<li>eine dritte mit Pr\u00fcflingen, die in Pr\u00fcfungsarbeiten sehr auff\u00e4llige Leistungsspr\u00fcnge geschafft h\u00e4tten.<\/li>\n<\/ul>\n<p>Insgesamt m\u00fcssten so unter dem Strich bis zu 16000 Arbeiten \u00fcberpr\u00fcft werden.<\/p>\n","protected":false},"excerpt":{"rendered":"<p>In dem Skandal um verkaufte Examenssachverhalte in Niedersachsen rechnet die Justizministerin\u00a0Antje Niewisch-Lennartz damit, dass in Folge der \u00dcberpr\u00fcfung tausender Examensarbeiten einige Staatsexamen aberkannt werden m\u00fcssen. Dies berichtet die\u00a0Neue Osnabr\u00fccker Zeitung.\u00a0Im\u00a0Rechtsausschusses des Nieders\u00e4chsischen Landtages \u00e4u\u00dferte sich die Justizministerin zum weiteren Pr\u00fcfungsverfahren.<\/p>\n","protected":false},"author":2,"featured_media":0,"comment_status":"open","ping_status":"open","sticky":false,"template":"","format":"standard","meta":{"footnotes":""},"categories":[42,51],"tags":[],"class_list":["post-9037","post","type-post","status-publish","format-standard","hentry","category-niedersachsen","category-examen"],"_links":{"self":[{"href":"https:\/\/www.juristenkoffer.de\/refblog\/wp-json\/wp\/v2\/posts\/9037","targetHints":{"allow":["GET"]}}],"collection":[{"href":"https:\/\/www.juristenkoffer.de\/refblog\/wp-json\/wp\/v2\/posts"}],"about":[{"href":"https:\/\/www.juristenkoffer.de\/refblog\/wp-json\/wp\/v2\/types\/post"}],"author":[{"embeddable":true,"href":"https:\/\/www.juristenkoffer.de\/refblog\/wp-json\/wp\/v2\/users\/2"}],"replies":[{"embeddable":true,"href":"https:\/\/www.juristenkoffer.de\/refblog\/wp-json\/wp\/v2\/comments?post=9037"}],"version-history":[{"count":2,"href":"https:\/\/www.juristenkoffer.de\/refblog\/wp-json\/wp\/v2\/posts\/9037\/revisions"}],"predecessor-version":[{"id":9039,"href":"https:\/\/www.juristenkoffer.de\/refblog\/wp-json\/wp\/v2\/posts\/9037\/revisions\/9039"}],"wp:attachment":[{"href":"https:\/\/www.juristenkoffer.de\/refblog\/wp-json\/wp\/v2\/media?parent=9037"}],"wp:term":[{"taxonomy":"category","embeddable":true,"href":"https:\/\/www.juristenkoffer.de\/refblog\/wp-json\/wp\/v2\/categories?post=9037"},{"taxonomy":"post_tag","embeddable":true,"href":"https:\/\/www.juristenkoffer.de\/refblog\/wp-json\/wp\/v2\/tags?post=9037"}],"curies":[{"name":"wp","href":"https:\/\/api.w.org\/{rel}","templated":true}]}}