{"id":8971,"date":"2014-04-02T10:15:25","date_gmt":"2014-04-02T09:15:25","guid":{"rendered":"http:\/\/www.juristenkoffer.de\/refblog\/?p=8971"},"modified":"2014-04-02T14:53:56","modified_gmt":"2014-04-02T13:53:56","slug":"skandal-in-niedersachsen-2-examen-war-kaeuflich","status":"publish","type":"post","link":"https:\/\/www.juristenkoffer.de\/refblog\/niedersachsen\/skandal-in-niedersachsen-2-examen-war-kaeuflich\/","title":{"rendered":"Skandal in Niedersachsen: 2. Examen war k\u00e4uflich"},"content":{"rendered":"<p><img loading=\"lazy\" decoding=\"async\" class=\"alignleft size-full wp-image-7749\" alt=\"\" src=\"https:\/\/www.juristenkoffer.de\/refblog\/wp-content\/uploads\/2013\/05\/MH9004074821.jpg\" width=\"150\" height=\"150\" \/>Seit gestern Abend berichten mehrere Medien \u00fcber einen Skandal im LJPA Niedersachsen. Ein Refereratsleiter des LJPA soll seit 2010 Examenskandidaten in Niedersachsen vor Beginn der Klausuren Zugang zu den Sachverhalten und L\u00f6sungen gegeben und daf\u00fcr viel Geld erhalten haben. Manche Referendare sollen sich also ihr 2. Examen bei diesem Mitarbeiter des LJPA gekauft haben.<!--more--><\/p>\n<p><strong>Auff\u00e4llig gute Leistungen<\/strong><\/p>\n<p>Die ersten Anhaltspunkte f\u00fcr einen Betrug erhielt das Ministerium in Niedersachsen Anfang diesen Jahres. So habe es auff\u00e4llige Verbesserungen von Kandidaten im 2. Examen zu ihren Leistungen im Referendariat gegeben. Zudem seien in mehreren Klausuren Formulierungen verwendet worden, die den Formulierungen in den Musterl\u00f6sungen sehr \u00e4hnelten.<\/p>\n<p><strong>Flucht nach Italien<\/strong><\/p>\n<p>Nach Einleitung eines Ermittlungsverfahrens wegen Korruption wurden die B\u00fcror\u00e4ume und 2 Privatwohnungen des Richters und Referatsleiters im LJPA durchsucht und belastendes Material beschlagnahmt. Wie beispielsweise die <a href=\"http:\/\/www.welt.de\/politik\/deutschland\/article126418001\/Top-Beamter-soll-Examensthemen-verkauft-haben.html\" target=\"_blank\">WELT<\/a> berichtet, blieb der Richter jedoch zun\u00e4chst auf freiem Fu\u00df und setzte sich dann ins Ausland ab.<\/p>\n<p>Aufgrund eines internationalen Haftbefehls schlugen in der Nacht zum Montag italienische Polizisten in Mailand zu und nahmen den Richter in einem Hotel fest. Im Hotelzimmer befanden sich neben einer gro\u00dfen Menge Bargeld (30.000 \u20ac) &#8211; filmreif &#8211; eine geladene Pistole.<\/p>\n<p><strong>Konsequenzen f\u00fcr Referendare<\/strong><\/p>\n<p>Offenbar war die Durchsuchung beim Richter aufschlussreich. So sollen sich die Ermittlungen bereits auch auf &#8222;Jung-Juristen&#8220; erstrecken, die die Dienste des Richters in Anspruch genommen und sich die Sachverhalte des 2. Examens erkauft hatten. Dies best\u00e4tigt Lutz Gaebel von der Staatsanwaltschaft Verden in einem Interview mit dem NDR, das als Video in der <a href=\"http:\/\/www.ndr.de\/regional\/niedersachsen\/oldenburg\/richter445.html\" target=\"_blank\">Mediathek des NDR<\/a> abrufbar ist.\u00a0Diese &#8222;Volljuristen&#8220; d\u00fcrften in der n\u00e4chsten Zeit eher schlecht schlafen.<\/p>\n<p>Dar\u00fcber hinaus hat dieser Vorfall auch Folgen f\u00fcr die Referendare, die ab morgen das 2. Examen schreiben: Wie die <a href=\"http:\/\/www.bild.de\/news\/inland\/bestechung\/deutscher-richter-in-italien-verhaftet-35325794.bild.html\" target=\"_blank\">BILD<\/a> berichtet, seien die Pr\u00fcfungsaufgaben f\u00fcr die anstehende Pr\u00fcfung vorsichtshalber ausgetauscht worden. Am Ringtausch wird Niedersachsen ausnahmsweise wohl nicht teilnehmen.<\/p>\n<p><span style=\"text-decoration: underline;\"><strong>UPDATE<\/strong><\/span>: Dass die Klausuren ausgetauscht werden, ist nun auch offiziell best\u00e4tigt. Heute wurden die Referendare dar\u00fcber per Brief informiert:<\/p>\n<p><a href=\"https:\/\/www.juristenkoffer.de\/refblog\/wp-content\/uploads\/2014\/04\/10174973_739577099415683_910364121_n.jpg\"><img loading=\"lazy\" decoding=\"async\" class=\"size-medium wp-image-8975 alignnone\" alt=\"\" src=\"https:\/\/www.juristenkoffer.de\/refblog\/wp-content\/uploads\/2014\/04\/10174973_739577099415683_910364121_n-207x300.jpg\" width=\"207\" height=\"300\" \/><\/a><\/p>\n<p>Sobald wir neue Informationen zu diesem Skandal in Niedersachsen entdecken, werden wir diese in den RefNews ver\u00f6ffentlichen!<\/p>\n","protected":false},"excerpt":{"rendered":"<p>Seit gestern Abend berichten mehrere Medien \u00fcber einen Skandal im LJPA Niedersachsen. Ein Refereratsleiter des LJPA soll seit 2010 Examenskandidaten in Niedersachsen vor Beginn der Klausuren Zugang zu den Sachverhalten und L\u00f6sungen gegeben und daf\u00fcr viel Geld erhalten haben. Manche Referendare sollen sich also ihr 2. Examen bei diesem Mitarbeiter des LJPA gekauft haben.<\/p>\n","protected":false},"author":2,"featured_media":0,"comment_status":"open","ping_status":"open","sticky":false,"template":"","format":"standard","meta":{"footnotes":""},"categories":[42,51],"tags":[],"class_list":["post-8971","post","type-post","status-publish","format-standard","hentry","category-niedersachsen","category-examen"],"_links":{"self":[{"href":"https:\/\/www.juristenkoffer.de\/refblog\/wp-json\/wp\/v2\/posts\/8971","targetHints":{"allow":["GET"]}}],"collection":[{"href":"https:\/\/www.juristenkoffer.de\/refblog\/wp-json\/wp\/v2\/posts"}],"about":[{"href":"https:\/\/www.juristenkoffer.de\/refblog\/wp-json\/wp\/v2\/types\/post"}],"author":[{"embeddable":true,"href":"https:\/\/www.juristenkoffer.de\/refblog\/wp-json\/wp\/v2\/users\/2"}],"replies":[{"embeddable":true,"href":"https:\/\/www.juristenkoffer.de\/refblog\/wp-json\/wp\/v2\/comments?post=8971"}],"version-history":[{"count":5,"href":"https:\/\/www.juristenkoffer.de\/refblog\/wp-json\/wp\/v2\/posts\/8971\/revisions"}],"predecessor-version":[{"id":8977,"href":"https:\/\/www.juristenkoffer.de\/refblog\/wp-json\/wp\/v2\/posts\/8971\/revisions\/8977"}],"wp:attachment":[{"href":"https:\/\/www.juristenkoffer.de\/refblog\/wp-json\/wp\/v2\/media?parent=8971"}],"wp:term":[{"taxonomy":"category","embeddable":true,"href":"https:\/\/www.juristenkoffer.de\/refblog\/wp-json\/wp\/v2\/categories?post=8971"},{"taxonomy":"post_tag","embeddable":true,"href":"https:\/\/www.juristenkoffer.de\/refblog\/wp-json\/wp\/v2\/tags?post=8971"}],"curies":[{"name":"wp","href":"https:\/\/api.w.org\/{rel}","templated":true}]}}