{"id":8919,"date":"2014-03-27T12:16:23","date_gmt":"2014-03-27T11:16:23","guid":{"rendered":"http:\/\/www.juristenkoffer.de\/refblog\/?p=8919"},"modified":"2014-03-27T12:42:50","modified_gmt":"2014-03-27T11:42:50","slug":"3-2-1-meins","status":"publish","type":"post","link":"https:\/\/www.juristenkoffer.de\/refblog\/niedersachsen\/3-2-1-meins\/","title":{"rendered":"3&#8230;2&#8230;1&#8230;das 2. Examen ist endlich meins!"},"content":{"rendered":"<p><a href=\"https:\/\/www.juristenkoffer.de\/refblog\/wp-content\/uploads\/2013\/02\/MP900411704.jpg\"><img loading=\"lazy\" decoding=\"async\" class=\"alignleft size-full wp-image-7239\" alt=\"\" src=\"https:\/\/www.juristenkoffer.de\/refblog\/wp-content\/uploads\/2013\/02\/MP900411704.jpg\" width=\"150\" height=\"150\" \/><\/a>Es ist geschafft! Ich kann freudig verk\u00fcnden, dass ich mittlerweile die Bezeichnung Assessor juris &#8211; oder halt Volljurist &#8211; f\u00fchre und den Endspurt somit erfolgreich gemeistert habe. \ud83d\ude42 Die insgesamt mehrj\u00e4hrige juristische Ausbildung hat nun seinen kr\u00f6nenden Abschluss\u00a0gefunden und ich stehe mit 2. Examina da. Wahnsinn! Ob bzw. was es mir auf dem weiteren Lebensweg bringen und wohin es mich verschlagen wird bleibt abzuwarten.<!--more--> Ich werde demn\u00e4chst mit einer Promotion\u00a0beginnen, d.h. aus Volljuristin Emily wird in mehr oder weniger absehbarer Zeit und wenn alles so l\u00e4uft wie geplant: Dr. Volljuristin Emily &#8211; der &#8222;richtige&#8220; Arbeitsmarkt muss also\u00a0noch etwas auf mich warten.\u00a0\ud83d\ude00<\/p>\n<p>Aber ich kann euch sagen: es ist ein herrliches Gef\u00fchl endlich &#8222;fertig&#8220; zu sein und diese Last, die einem von den Schultern f\u00e4llt, ist unbeschreiblich. Schon morgens aufzuwachen und nicht einmal einen einzigen Gedanken daran verschwenden zu m\u00fcssen, ob\/dass man doch eigentlich lernen m\u00fcsste: ph\u00e4nomenal.\u00a0Das &#8222;Dauerlernen&#8220; &#8211; ob bewusst oder unbewusst und mal mehr oder weniger &#8211;\u00a0hat einen ja nun doch die ganze letzten\u00a0Jahre permanent begleitet. Denn sobald man etwas abgeschlossen hatte, war es nur eine kleine Stufe auf einer langen Treppe: erst die Zwischenpr\u00fcfung um weiter studieren zu d\u00fcrfen, dann das Hauptstudium um zum Examen zugelassen zu werden, das 1. Examen, der Start ins Referendariat mit den ganzen Stationen und\u00a0zum Abschluss das 2. Examen. Aber bei aller Freude blicke ich nochmal einen Schritt zur\u00fcck: wie lief denn der Endspurt ab?<\/p>\n<p><strong>Die m\u00fcndliche Pr\u00fcfung<\/strong><\/p>\n<p>Die m\u00fcndliche Pr\u00fcfung verlief leider nicht ganz so wie erw\u00fcnscht, aber auch nicht richtig schlecht. Wirklich f\u00fcr lernen konnte man nicht, da sehr viele praktische Sachen abgefragt wurden, bei denen man auch einfach sagen muss: entweder hatte man Gl\u00fcck und hat es w\u00e4hrend des Referendariats bei seinem Ausbilder mitbekommen UND sich bis dato gemerkt&#8230;oder eben nicht.<\/p>\n<p>Die Protokolle halfen in unserem Termin gar nicht. Der eine Pr\u00fcfer sollte an sich zwar relativ protokollfest sein &#8211; scheinbar hat er aber bei uns angefangen das mal zu \u00e4ndern. :-\/ So schleppten wir uns z.B. durch Fragen, was f\u00fcr eine Ausbildung der Urkundsbeamte der Gesch\u00e4ftsstelle hat und was er alles machen darf, wie man bei der Staatsanwaltschaft im Verzeichnis ein Aktenzeichen anlegt, nach welchen Kriterien dies gespeichert wird oder was der Richter in der G\u00fcteverhandlung als erstes fragen wird, bis hin zu: formulieren Sie einen Beweisantrag f\u00fcr ein selbst\u00e4ndiges Beweisverfahren. Teilweise fand ich es schon etwas nervig. Nat\u00fcrlich soll die Praxis abgepr\u00fcft werden &#8211; aber wer nun z.B. keine Dezernatsarbeit gemacht hat, konnte einige Fragen schlichtweg nicht beantworten und musste rumraten, weil es oftmals nun auch nichts\u00a0war was man sich vorher mal so eben durchlesen und f\u00fcr die m\u00fcndliche Pr\u00fcfung h\u00e4tte lernen k\u00f6nnen. Ich h\u00e4tte &#8211; w\u00e4re ich in einer Station nicht zuf\u00e4llig damit in Ber\u00fchrung gekommen \u2013 sonst jedenfalls nicht auswendig gewusst, dass im Handelsregister nur der Name und das Geburtsdatum des Gesch\u00e4ftsf\u00fchrers\u00a0&#8211; nicht aber dessen Adresse &#8211; eingetragen wird. Das war reiner Zufall und Gl\u00fcck!<\/p>\n<p>Aber das man immer auch ein gewisses Qu\u00e4ntchen Gl\u00fcck braucht wissen wir aus der juristischen Ausbildung ja nicht erst seit gestern. Teilweise habe ich mich aber schon gefragt, was dies oder jenes nun \u00fcber meine juristischen F\u00e4higkeiten aussagen und wie man das ganze in eine Note fassen soll. Das Qu\u00e4ntchen Gl\u00fcck hatte ich dann leider nicht im\u00a0Aktenvortrag, bei dem ich mich sehr verzettelt habe, so dass er etwas danebenging. Wer rechnet aber im Aktenvortrag auch schon mit einer Petition und Dienstaufsichtsbeschwerde!?!?! Also ich jedenfalls nicht. Ich bin eher von einer Anfechtungsklage, Widerspruch, \u00a7 80 V-er Antrag o.\u00e4. ausgegangen. Thematisch also schonmal vom Grundger\u00fcst her f\u00fcr mich ein Griff ins Klo.<\/p>\n<p>Zudem fand ich, dass der Aktenvortrag im Examen vom Umfang her nochmal leicht \u00fcber denen lag, die wir in der AG behandelt haben (die ja aber auch original Examensaktenvortr\u00e4ge, allerdings von vor einigen Jahren, waren). Ich hatte schon den Eindruck, dass der Umfang hier zugenommen hat.\u00a0Letztlich bekam ich\u00a0(zeitlich und thematisch)\u00a0keine richtige Gliederung in meine L\u00f6sung rein und es wurde mehr ein \u201eerz\u00e4hlste einfach mal drauf los &#8211; ohne jegliche Struktur!\u201c. \ud83d\ude00<\/p>\n<p>Da der Aktenvortrag mit 12% auch mehr bzw. fast das doppelte z\u00e4hlt wie jedes der 4 weiteren Einzelgespr\u00e4che (jedes Einzelgespr\u00e4ch z\u00e4hlt 7% (= 28%) + die 12 % Aktenvortrag macht somit insgesamt 40%) war die Note dann am Ende\u00a0auch gerechtfertigt und ich wurde als Endergebnis mit einem soliden befriedigend auf den Arbeitsmarkt losgelassen. \ud83d\ude42\u00a0Klar, es h\u00e4tte auch besser sein k\u00f6nnen (nach oben ist auf der Punkteskala ja immer sehr viel Luft). Man darf aber nicht vergessen: es h\u00e4tte auch deutlich schlechter laufen k\u00f6nnen (vor allem bei meiner Vorbereitung \ud83d\ude00 ).<\/p>\n<p>Was ich so bei anderen Pr\u00fcfungsgruppen erlebt habe: da\u00a0habe ich es mit meiner Gruppe (sowohl Mitpr\u00fcflinge, als auch Pr\u00fcfer) dann doch\u00a0recht gut getroffen, denn auch da kann man wirklich Pech haben. Ich bin jedenfalls zufrieden und optimistisch, dass ich meinen Weg gehen werde. \ud83d\ude42 Ob ich einen Verbesserungsversuch anstrebe &#8211; frei nach dem Motto &#8222;wer nicht wagt der nicht gewinnt und zu verlieren hast du nichts &#8211; au\u00dfer das Geld f\u00fcr den Verbesserungsversuch&#8220; \ud83d\ude00\u00a0wei\u00df ich ehrlich gesagt noch nicht und wird sich denke ich in den kommenden Wochen zeigen. Zeitlich w\u00e4re es wohl drin, da ich eine halbe Stelle als wiss. Mitarbeiterin habe.<\/p>\n<p>Von der Organisation ist es daher machbarer, als wenn ich (schon) Vollzeit irgendwo arbeiten w\u00fcrde. Aber vielleicht lohnt es sich auch mehr, die Energie und Zeit in die Diss zu stecken, damit diese schneller fertig wird. Die\u00a0ganzen Vor- und Nachteile muss ich noch einmal geh\u00f6rig abw\u00e4gen (vielleicht hat von euch auch noch jemand Gedankenanst\u00f6\u00dfe hierzu?) und vor allem muss ich mich auch ernsthaft fragen, ob ich mich \u2013 da ich jetzt ja auch schon zufrieden bin \u2013 \u00fcberhaupt nochmal motivieren kann. Das Schreiben der Examensklausuren fand ich zwar nicht schlimm, weil die Atmosph\u00e4re an meinem Kursort sehr gut war. Aber wenn ich schon gedanklich \u00fcberhaupt nicht davon \u00fcberzeugt bin es wirklich auch zu wollen, dann brauche ich dem Pr\u00fcfungsamt auch keine 400 \u20ac (so viel kostet der Verbesserungsversuch) in den Rachen\u00a0schmei\u00dfen und sollte davon vielleicht lieber in den Urlaub fahren. \ud83d\ude42 Aber das wird sich in den kommenden Wochen zeigen. Ich muss das ganze erstmal sacken lassen und gucken wie die Promotion anl\u00e4uft. Man\u00a0hat in Niedersachsen nach bestandenem Examen 3 Monate (Bedenk-)Zeit um sich f\u00fcr den Verbesserungsversuch anzumelden.<\/p>\n<p>Euch allen dr\u00fccke ich die Daumen und w\u00fcnsche euch ganz ganz viel Erfolg. Wenn ihr es bis zur m\u00fcndlichen Pr\u00fcfung geschafft habt ist das schon eine grandiose Leistung auf die ihr Stolz sein k\u00f6nnt. Weit ist es dann nicht mehr bis zum Volljuristendasein &#8211; und das solltet ihr nach all den Jahren Flei\u00df dann auch feiern und genie\u00dfen.<\/p>\n<p><strong>Jetzt stehe ich da mit 2. Examina &#8211; und nun?<\/strong><\/p>\n<p>Was die Berufsaussichten angeht, wollte ich auch noch kurz anmerken (und vielleicht macht es dem ein oder anderen ja Mut), dass aus meinem Kollegenumfeld sehr viele \u2013 auch mit \u201eausreichenden\u201c Examina \u2013 nahtlos einen Job gefunden. Dabei fangen auffallend viele dort an, wo sie ihre Anwalts- und\/oder Wahlstation absolviert haben. Engagement kann sich hier also durchaus auszahlen. Von daher: nur Mut!<\/p>\n<p>Insgesamt ist es recht witzig zu sehen, wie aus den Referendarskollegen &#8211; mit denen man vor kurzem noch zusammen in der AG sa\u00df &#8211; nun Volljuristenkollegen geworden sind die ihre Anwaltszulassung beantragen und jeder seinen Weg geht. Ich hoffe, dass man mit dem ein oder anderen in Kontakt bleibt und nat\u00fcrlich hoffe ich, dass jeder auf beruflicher Ebene etwas findet mit dem er zufrieden ist.<\/p>\n<p><strong>Vielen Dank und auf Wiedersehen<\/strong><\/p>\n<p>F\u00fcr mich ist an dieser Stelle somit\u00a0nun Schluss und das letzte Kapitel bzw. der letzte Refblog-Beitrag ist geschrieben. Ich bedanke mich recht herzlich f\u00fcr das Lesen meines Refblogs und die Begleitung in diesen 2 &#8211; mal mehr und mal weniger &#8211; turbulenten Jahren des Referendariats. Vielen Dank auch\u00a0f\u00fcr die Kommentare und\u00a0E-Mails. Ich bin mir nicht sicher,\u00a0ob es Sinn macht auch weiterhin zu posten was ich so mache, da ich glaube, dass es aus dem kommenden Alltag nicht viel zu berichten geben wird was f\u00fcr andere lesenswert sein k\u00f6nnte. Sollte ich aber just-for-fun den Verbesserungsversuch schreiben, werde ich mich\u00a0nat\u00fcrlich nochmal melden und euch davon berichten. \ud83d\ude42<\/p>\n<p>Alles Liebe und ganz viel Erfolg. Der Weg ist steinig\u2026aber geht ihn ruhig immer weiter und bei\u00dft euch durch, denn wenn es geschafft\u00a0ist schwebt man auf Wolke 7. Ihr schafft das auch!!!<\/p>\n<p>Eure Emily*<\/p>\n","protected":false},"excerpt":{"rendered":"<p>Es ist geschafft! Ich kann freudig verk\u00fcnden, dass ich mittlerweile die Bezeichnung Assessor juris &#8211; oder halt Volljurist &#8211; f\u00fchre und den Endspurt somit erfolgreich gemeistert habe. \ud83d\ude42 Die insgesamt mehrj\u00e4hrige juristische Ausbildung hat nun seinen kr\u00f6nenden Abschluss\u00a0gefunden und ich stehe mit 2. Examina da. Wahnsinn! Ob bzw. was es mir auf dem weiteren Lebensweg [&hellip;]<\/p>\n","protected":false},"author":43,"featured_media":0,"comment_status":"open","ping_status":"open","sticky":false,"template":"","format":"standard","meta":{"footnotes":""},"categories":[49,42],"tags":[],"class_list":["post-8919","post","type-post","status-publish","format-standard","hentry","category-nach-dem-referendariat","category-niedersachsen"],"_links":{"self":[{"href":"https:\/\/www.juristenkoffer.de\/refblog\/wp-json\/wp\/v2\/posts\/8919","targetHints":{"allow":["GET"]}}],"collection":[{"href":"https:\/\/www.juristenkoffer.de\/refblog\/wp-json\/wp\/v2\/posts"}],"about":[{"href":"https:\/\/www.juristenkoffer.de\/refblog\/wp-json\/wp\/v2\/types\/post"}],"author":[{"embeddable":true,"href":"https:\/\/www.juristenkoffer.de\/refblog\/wp-json\/wp\/v2\/users\/43"}],"replies":[{"embeddable":true,"href":"https:\/\/www.juristenkoffer.de\/refblog\/wp-json\/wp\/v2\/comments?post=8919"}],"version-history":[{"count":25,"href":"https:\/\/www.juristenkoffer.de\/refblog\/wp-json\/wp\/v2\/posts\/8919\/revisions"}],"predecessor-version":[{"id":8965,"href":"https:\/\/www.juristenkoffer.de\/refblog\/wp-json\/wp\/v2\/posts\/8919\/revisions\/8965"}],"wp:attachment":[{"href":"https:\/\/www.juristenkoffer.de\/refblog\/wp-json\/wp\/v2\/media?parent=8919"}],"wp:term":[{"taxonomy":"category","embeddable":true,"href":"https:\/\/www.juristenkoffer.de\/refblog\/wp-json\/wp\/v2\/categories?post=8919"},{"taxonomy":"post_tag","embeddable":true,"href":"https:\/\/www.juristenkoffer.de\/refblog\/wp-json\/wp\/v2\/tags?post=8919"}],"curies":[{"name":"wp","href":"https:\/\/api.w.org\/{rel}","templated":true}]}}