{"id":8580,"date":"2013-12-14T08:17:55","date_gmt":"2013-12-14T07:17:55","guid":{"rendered":"http:\/\/www.juristenkoffer.de\/refblog\/?p=8580"},"modified":"2014-10-20T13:39:30","modified_gmt":"2014-10-20T11:39:30","slug":"neues-buch-zum-thema-kautelarklausur","status":"publish","type":"post","link":"https:\/\/www.juristenkoffer.de\/refblog\/zivilrechtsstation\/neues-buch-zum-thema-kautelarklausur\/","title":{"rendered":"Neues Buch zum Thema Kautelarklausur"},"content":{"rendered":"<p><a href=\"https:\/\/www.juristenkoffer.de\/refblog\/wp-content\/uploads\/2013\/12\/diercks-harms-die-rechtsgestaltende-anwaltsklausur.jpg\"><img loading=\"lazy\" decoding=\"async\" class=\"alignleft size-thumbnail wp-image-9642\" src=\"https:\/\/www.juristenkoffer.de\/refblog\/wp-content\/uploads\/2013\/12\/diercks-harms-die-rechtsgestaltende-anwaltsklausur-150x150.jpg\" alt=\"\" width=\"150\" height=\"150\" \/><\/a>Passend zum Bericht, dass in Berlin und Brandenburg ab Ende 2014 sogenannte Kautelarklausuren im 2. Examen gestellt werden, haben wir ein neues Lehrbuch zur Vorbereitung auf diesen Klausurtyp gefunden: <a href=\"http:\/\/www.referendarbuchladen.de\/diercks-harms-die-rechtsgestaltende-anwaltsklausur.php\">Diercks-Harms: Die rechtsgestaltende Anwaltsklausur<\/a>!<\/p>\n<p>Dr. Kerstin Diercks-Harms ist Rechtsanw\u00e4ltin und hauptamtliche Pr\u00fcferin im Landesjustizpr\u00fcfungsamt Niedersachsen.<!--more--><\/p>\n<p>Nachdem sich die L\u00e4nder darauf verst\u00e4ndigt haben, das 2. Examen praxisn\u00e4her auszugestalten und rechtsgestaltende Aufgaben zuk\u00fcnftig h\u00e4ufiger in den Zivilrechtsklausuren zu stellen, sollte man sich unbedingt auf diesen neuen Klausurtyp vorbereiten.<\/p>\n<p>Das Buch von Frau\u00a0Diercks-Harms ist ab sofort im <a href=\"http:\/\/www.referendarbuchladen.de\/\">Referendarbuchladen<\/a> erh\u00e4ltlich. Dort findest Du alle B\u00fccher f\u00fcr Referendare nach Kategorien sortiert!<\/p>\n","protected":false},"excerpt":{"rendered":"<p>Passend zum Bericht, dass in Berlin und Brandenburg ab Ende 2014 sogenannte Kautelarklausuren im 2. Examen gestellt werden, haben wir ein neues Lehrbuch zur Vorbereitung auf diesen Klausurtyp gefunden: Diercks-Harms: Die rechtsgestaltende Anwaltsklausur! Dr. Kerstin Diercks-Harms ist Rechtsanw\u00e4ltin und hauptamtliche Pr\u00fcferin im Landesjustizpr\u00fcfungsamt Niedersachsen.<\/p>\n","protected":false},"author":2,"featured_media":0,"comment_status":"open","ping_status":"open","sticky":false,"template":"","format":"standard","meta":{"footnotes":""},"categories":[8],"tags":[],"class_list":["post-8580","post","type-post","status-publish","format-standard","hentry","category-zivilrechtsstation"],"_links":{"self":[{"href":"https:\/\/www.juristenkoffer.de\/refblog\/wp-json\/wp\/v2\/posts\/8580","targetHints":{"allow":["GET"]}}],"collection":[{"href":"https:\/\/www.juristenkoffer.de\/refblog\/wp-json\/wp\/v2\/posts"}],"about":[{"href":"https:\/\/www.juristenkoffer.de\/refblog\/wp-json\/wp\/v2\/types\/post"}],"author":[{"embeddable":true,"href":"https:\/\/www.juristenkoffer.de\/refblog\/wp-json\/wp\/v2\/users\/2"}],"replies":[{"embeddable":true,"href":"https:\/\/www.juristenkoffer.de\/refblog\/wp-json\/wp\/v2\/comments?post=8580"}],"version-history":[{"count":4,"href":"https:\/\/www.juristenkoffer.de\/refblog\/wp-json\/wp\/v2\/posts\/8580\/revisions"}],"predecessor-version":[{"id":9643,"href":"https:\/\/www.juristenkoffer.de\/refblog\/wp-json\/wp\/v2\/posts\/8580\/revisions\/9643"}],"wp:attachment":[{"href":"https:\/\/www.juristenkoffer.de\/refblog\/wp-json\/wp\/v2\/media?parent=8580"}],"wp:term":[{"taxonomy":"category","embeddable":true,"href":"https:\/\/www.juristenkoffer.de\/refblog\/wp-json\/wp\/v2\/categories?post=8580"},{"taxonomy":"post_tag","embeddable":true,"href":"https:\/\/www.juristenkoffer.de\/refblog\/wp-json\/wp\/v2\/tags?post=8580"}],"curies":[{"name":"wp","href":"https:\/\/api.w.org\/{rel}","templated":true}]}}