{"id":8574,"date":"2013-12-05T19:29:12","date_gmt":"2013-12-05T18:29:12","guid":{"rendered":"http:\/\/www.juristenkoffer.de\/refblog\/?p=8574"},"modified":"2013-12-05T19:29:41","modified_gmt":"2013-12-05T18:29:41","slug":"berlinbrandenburg-kautelarklausuren-ab-dezember-2014","status":"publish","type":"post","link":"https:\/\/www.juristenkoffer.de\/refblog\/examen\/berlinbrandenburg-kautelarklausuren-ab-dezember-2014\/","title":{"rendered":"Berlin\/Brandenburg: Kautelarklausuren ab Dezember 2014"},"content":{"rendered":"<p><a href=\"https:\/\/www.juristenkoffer.de\/refblog\/wp-content\/uploads\/2013\/04\/MP900309640.jpg\"><img loading=\"lazy\" decoding=\"async\" class=\"alignleft size-full wp-image-7558\" alt=\"\" src=\"https:\/\/www.juristenkoffer.de\/refblog\/wp-content\/uploads\/2013\/04\/MP900309640.jpg\" width=\"150\" height=\"150\" \/><\/a>Nach und nach f\u00fchren alle L\u00e4nder die Kautelarklausur im 2. Examen ein. Zu bearbeiten sind dann rechtsgestaltende Aufgaben wie zum Beispiel das Entwerfen eines Vertrages oder Allgemeiner Gesch\u00e4ftsbedingungen.<\/p>\n<p>Der Personalrat der Berliner Referendare hat nun bekannt gegeben, dass das Pr\u00fcfungsamt sich zum Startzeitpunkt dieses neuen Klausurtyps ge\u00e4u\u00dfert hat.<!--more--> Ab Dezember 2014 k\u00f6nnen Kautelarklausuren Gegenstand des 2. Examens in Berlin und Brandenburg sein:<\/p>\n<blockquote><p>Uns liegt nunmehr eine offizielle Information des GJPA Berlin\/Brandenburg zum Thema Kautelarklausur vor:<\/p>\n<p>Danach sind Kautelarklausuren fr\u00fchestens ab dem Pr\u00fcfungstermin Dezember 2014 Pr\u00fcfungsstoff. Bei allen fr\u00fcheren Pr\u00fcfungsterminen kommt dieser neue Klausurtyp daher noch NICHT vor.<\/p>\n<p>Die Kautelarklausuren k\u00f6nnen ab dem genannten Termin allein im Zivilrecht gestellt werden &#8211; das Strafrecht und das \u00f6ffentliche Recht sind ausdr\u00fccklich nicht betroffen.<\/p>\n<p>Zur Vorbereitung auf diesen Klausurtyp erfolgt nach Aussage des GJPA eine inhaltliche Anpassung der Ausbildung einschlie\u00dflich der Einspeisung entsprechender \u00dcbungsklausuren.<\/p><\/blockquote>\n","protected":false},"excerpt":{"rendered":"<p>Nach und nach f\u00fchren alle L\u00e4nder die Kautelarklausur im 2. Examen ein. Zu bearbeiten sind dann rechtsgestaltende Aufgaben wie zum Beispiel das Entwerfen eines Vertrages oder Allgemeiner Gesch\u00e4ftsbedingungen. Der Personalrat der Berliner Referendare hat nun bekannt gegeben, dass das Pr\u00fcfungsamt sich zum Startzeitpunkt dieses neuen Klausurtyps ge\u00e4u\u00dfert hat.<\/p>\n","protected":false},"author":2,"featured_media":0,"comment_status":"open","ping_status":"open","sticky":false,"template":"","format":"standard","meta":{"footnotes":""},"categories":[117,118,51],"tags":[],"class_list":["post-8574","post","type-post","status-publish","format-standard","hentry","category-berlin","category-brandenburg","category-examen"],"_links":{"self":[{"href":"https:\/\/www.juristenkoffer.de\/refblog\/wp-json\/wp\/v2\/posts\/8574","targetHints":{"allow":["GET"]}}],"collection":[{"href":"https:\/\/www.juristenkoffer.de\/refblog\/wp-json\/wp\/v2\/posts"}],"about":[{"href":"https:\/\/www.juristenkoffer.de\/refblog\/wp-json\/wp\/v2\/types\/post"}],"author":[{"embeddable":true,"href":"https:\/\/www.juristenkoffer.de\/refblog\/wp-json\/wp\/v2\/users\/2"}],"replies":[{"embeddable":true,"href":"https:\/\/www.juristenkoffer.de\/refblog\/wp-json\/wp\/v2\/comments?post=8574"}],"version-history":[{"count":2,"href":"https:\/\/www.juristenkoffer.de\/refblog\/wp-json\/wp\/v2\/posts\/8574\/revisions"}],"predecessor-version":[{"id":8576,"href":"https:\/\/www.juristenkoffer.de\/refblog\/wp-json\/wp\/v2\/posts\/8574\/revisions\/8576"}],"wp:attachment":[{"href":"https:\/\/www.juristenkoffer.de\/refblog\/wp-json\/wp\/v2\/media?parent=8574"}],"wp:term":[{"taxonomy":"category","embeddable":true,"href":"https:\/\/www.juristenkoffer.de\/refblog\/wp-json\/wp\/v2\/categories?post=8574"},{"taxonomy":"post_tag","embeddable":true,"href":"https:\/\/www.juristenkoffer.de\/refblog\/wp-json\/wp\/v2\/tags?post=8574"}],"curies":[{"name":"wp","href":"https:\/\/api.w.org\/{rel}","templated":true}]}}