{"id":8410,"date":"2013-10-21T11:13:53","date_gmt":"2013-10-21T09:13:53","guid":{"rendered":"http:\/\/www.juristenkoffer.de\/refblog\/?p=8410"},"modified":"2013-10-21T11:14:28","modified_gmt":"2013-10-21T09:14:28","slug":"aenderung-der-stationsreihenfolge-im-saarland","status":"publish","type":"post","link":"https:\/\/www.juristenkoffer.de\/refblog\/vor-dem-referendariat\/aenderung-der-stationsreihenfolge-im-saarland\/","title":{"rendered":"\u00c4nderung der Stationsreihenfolge im Saarland"},"content":{"rendered":"<p><img loading=\"lazy\" decoding=\"async\" class=\"alignleft size-full wp-image-7558\" alt=\"\" src=\"https:\/\/www.juristenkoffer.de\/refblog\/wp-content\/uploads\/2013\/04\/MP900309640.jpg\" width=\"150\" height=\"150\" \/>Das Referendariat im Saarland wird zuk\u00fcnftig etwas anders abl\u00e4ufen. Nachdem bereits die Anzahl und Termine der Einstellungen ge\u00e4ndert wurden (<a href=\"https:\/\/www.juristenkoffer.de\/refblog\/vor-dem-referendariat\/neue-einstellungstermine-im-saarland\/\">wir berichteten<\/a>), wird es zuk\u00fcnftig auch eine \u00c4nderung bei der Stationsabfolge geben.<\/p>\n<p>Wie die <a href=\"http:\/\/www.referendare-saarland.de\/\">Interessenvertretung der Referendare im Saarland<\/a>\u00a0berichtet, beginnt der Vorbereitungsdienst ab 2014 mit der Strafrechtsstation.<!--more--> Bislang war das Saarland eines der wenigen L\u00e4nder, in dem das Referendariat mit einer Station beim Anwalt begann.<\/p>\n<p>Die neue Stationsreihenfolge wird ab 2014 folgenderma\u00dfen sein:<\/p>\n<p>&#8211; 3 Monate Staatsanwaltschaft<\/p>\n<p>&#8211; 5 Monate Gericht in Zivilsachen<\/p>\n<p>&#8211; 3 Monate Verwaltung<\/p>\n<p>&#8211; 6 Monate Rechtsanwalt (RA I)<\/p>\n<p>&#8211; 4 Monate Rechtsanwalt (RA II)<\/p>\n<p>&#8211; 3 Monate Wahlstation<\/p>\n<p>Bislang sah die Stationsreihenfolge im Saarland folgenderma\u00dfen aus:<\/p>\n<p>&#8211; 6 Monate Rechtsanwalt (RA I)<\/p>\n<p>&#8211; 3 Monate Staatsanwaltschaft<\/p>\n<p>&#8211; 3 Monate Verwaltung<\/p>\n<p>&#8211; 5 Monate Gericht in Zivilsachen<\/p>\n<p>&#8211; 4 Monate Rechtsanwalt (RA II)<\/p>\n<p>&#8211; 3 Monate Wahlstation<\/p>\n<p>Zuk\u00fcnftige Referendare, die ihren Vorbereitungsdienst im Saarland ableisten m\u00f6chten, m\u00fcssen dies beachten! Auf unserer Infoseite zum <a href=\"https:\/\/www.juristenkoffer.de\/rechtsreferendariat\/saarland\/\">Rechtsreferendariat im Saarland<\/a> findest Du alles Weitere, was man vor der Bewerbung wissen sollte.<\/p>\n","protected":false},"excerpt":{"rendered":"<p>Das Referendariat im Saarland wird zuk\u00fcnftig etwas anders abl\u00e4ufen. Nachdem bereits die Anzahl und Termine der Einstellungen ge\u00e4ndert wurden (wir berichteten), wird es zuk\u00fcnftig auch eine \u00c4nderung bei der Stationsabfolge geben. Wie die Interessenvertretung der Referendare im Saarland\u00a0berichtet, beginnt der Vorbereitungsdienst ab 2014 mit der Strafrechtsstation.<\/p>\n","protected":false},"author":2,"featured_media":0,"comment_status":"open","ping_status":"open","sticky":false,"template":"","format":"standard","meta":{"footnotes":""},"categories":[264,6],"tags":[],"class_list":["post-8410","post","type-post","status-publish","format-standard","hentry","category-saarland","category-vor-dem-referendariat"],"_links":{"self":[{"href":"https:\/\/www.juristenkoffer.de\/refblog\/wp-json\/wp\/v2\/posts\/8410","targetHints":{"allow":["GET"]}}],"collection":[{"href":"https:\/\/www.juristenkoffer.de\/refblog\/wp-json\/wp\/v2\/posts"}],"about":[{"href":"https:\/\/www.juristenkoffer.de\/refblog\/wp-json\/wp\/v2\/types\/post"}],"author":[{"embeddable":true,"href":"https:\/\/www.juristenkoffer.de\/refblog\/wp-json\/wp\/v2\/users\/2"}],"replies":[{"embeddable":true,"href":"https:\/\/www.juristenkoffer.de\/refblog\/wp-json\/wp\/v2\/comments?post=8410"}],"version-history":[{"count":3,"href":"https:\/\/www.juristenkoffer.de\/refblog\/wp-json\/wp\/v2\/posts\/8410\/revisions"}],"predecessor-version":[{"id":8413,"href":"https:\/\/www.juristenkoffer.de\/refblog\/wp-json\/wp\/v2\/posts\/8410\/revisions\/8413"}],"wp:attachment":[{"href":"https:\/\/www.juristenkoffer.de\/refblog\/wp-json\/wp\/v2\/media?parent=8410"}],"wp:term":[{"taxonomy":"category","embeddable":true,"href":"https:\/\/www.juristenkoffer.de\/refblog\/wp-json\/wp\/v2\/categories?post=8410"},{"taxonomy":"post_tag","embeddable":true,"href":"https:\/\/www.juristenkoffer.de\/refblog\/wp-json\/wp\/v2\/tags?post=8410"}],"curies":[{"name":"wp","href":"https:\/\/api.w.org\/{rel}","templated":true}]}}