{"id":8387,"date":"2013-10-14T08:56:18","date_gmt":"2013-10-14T06:56:18","guid":{"rendered":"http:\/\/www.juristenkoffer.de\/refblog\/?p=8387"},"modified":"2016-03-04T19:46:48","modified_gmt":"2016-03-04T17:46:48","slug":"stammtisch-der-darmstaedter-rechtsreferendare","status":"publish","type":"post","link":"https:\/\/www.juristenkoffer.de\/refblog\/allgemein\/stammtisch-der-darmstaedter-rechtsreferendare\/","title":{"rendered":"Stammtisch der Darmst\u00e4dter Rechtsreferendare"},"content":{"rendered":"<p><img loading=\"lazy\" decoding=\"async\" class=\"alignleft size-full wp-image-8392\" alt=\"\" src=\"https:\/\/www.juristenkoffer.de\/refblog\/wp-content\/uploads\/2013\/10\/cwcwe.jpg\" width=\"150\" height=\"150\" \/>Wir richten einen Stammtisch f\u00fcr die Darmst\u00e4dter Rechtsreferendare ein &#8211; sei dabei beim ersten Stammtisch am <b>Donnerstag, 24.10<\/b><strong>.2013<\/strong> um <b>18:30 Uhr im &#8222;Braust\u00fcb&#8217;l&#8220; <\/b>[Goebelstra\u00dfe 7 \u2022 64293 Darmstadt].<\/p>\n<p>Der Stammtisch dient dem Austausch, netten Beisammensein und f\u00fcr die neuen Referendare zum Kennenlernen und um Insider-Informationen zu erhalten. \ud83d\ude09<!--more-->\u00a0Einziger offizieller Tagesordnungspunkt wird die Festlegung eines wiederkehrenden Termins (z.B. erster Donnerstag im Monat) sein.<\/p>\n<p>Das Braust\u00fcbl liegt verkehrsg\u00fcnstig, direkt gegen\u00fcber dem Darmst\u00e4dter Hauptbahnhof. Wer mit Pkw kommt, findet dort preisg\u00fcnstige Parkh\u00e4user mit Abendpauschaltarif. Von offizieller Seite wird aufgrund des dort ausgesch\u00e4nkten schmackhaften Bieres jedoch zur Enthaltsamkeit in puncto Kraftfahrzeug geraten&#8230;<\/p>\n<p>Wir freuen uns, euch zu treffen und hoffen auf rege Teilnahme!<\/p>\n","protected":false},"excerpt":{"rendered":"<p>Wir richten einen Stammtisch f\u00fcr die Darmst\u00e4dter Rechtsreferendare ein &#8211; sei dabei beim ersten Stammtisch am Donnerstag, 24.10.2013 um 18:30 Uhr im &#8222;Braust\u00fcb&#8217;l&#8220; [Goebelstra\u00dfe 7 \u2022 64293 Darmstadt]. Der Stammtisch dient dem Austausch, netten Beisammensein und f\u00fcr die neuen Referendare zum Kennenlernen und um Insider-Informationen zu erhalten. \ud83d\ude09<\/p>\n","protected":false},"author":44,"featured_media":0,"comment_status":"open","ping_status":"open","sticky":false,"template":"","format":"standard","meta":{"footnotes":""},"categories":[1,119,948],"tags":[],"class_list":["post-8387","post","type-post","status-publish","format-standard","hentry","category-allgemein","category-hessen","category-stationsangebote-veranstaltungen"],"_links":{"self":[{"href":"https:\/\/www.juristenkoffer.de\/refblog\/wp-json\/wp\/v2\/posts\/8387","targetHints":{"allow":["GET"]}}],"collection":[{"href":"https:\/\/www.juristenkoffer.de\/refblog\/wp-json\/wp\/v2\/posts"}],"about":[{"href":"https:\/\/www.juristenkoffer.de\/refblog\/wp-json\/wp\/v2\/types\/post"}],"author":[{"embeddable":true,"href":"https:\/\/www.juristenkoffer.de\/refblog\/wp-json\/wp\/v2\/users\/44"}],"replies":[{"embeddable":true,"href":"https:\/\/www.juristenkoffer.de\/refblog\/wp-json\/wp\/v2\/comments?post=8387"}],"version-history":[{"count":5,"href":"https:\/\/www.juristenkoffer.de\/refblog\/wp-json\/wp\/v2\/posts\/8387\/revisions"}],"predecessor-version":[{"id":8391,"href":"https:\/\/www.juristenkoffer.de\/refblog\/wp-json\/wp\/v2\/posts\/8387\/revisions\/8391"}],"wp:attachment":[{"href":"https:\/\/www.juristenkoffer.de\/refblog\/wp-json\/wp\/v2\/media?parent=8387"}],"wp:term":[{"taxonomy":"category","embeddable":true,"href":"https:\/\/www.juristenkoffer.de\/refblog\/wp-json\/wp\/v2\/categories?post=8387"},{"taxonomy":"post_tag","embeddable":true,"href":"https:\/\/www.juristenkoffer.de\/refblog\/wp-json\/wp\/v2\/tags?post=8387"}],"curies":[{"name":"wp","href":"https:\/\/api.w.org\/{rel}","templated":true}]}}