{"id":8350,"date":"2013-10-07T12:37:07","date_gmt":"2013-10-07T10:37:07","guid":{"rendered":"http:\/\/www.juristenkoffer.de\/refblog\/?p=8350"},"modified":"2013-10-07T19:15:22","modified_gmt":"2013-10-07T17:15:22","slug":"ausweitung-des-e-learnings-fuer-referendare-elan-ref","status":"publish","type":"post","link":"https:\/\/www.juristenkoffer.de\/refblog\/allgemein\/ausweitung-des-e-learnings-fuer-referendare-elan-ref\/","title":{"rendered":"Ausweitung des E-Learnings f\u00fcr Referendare (ELAN-Ref)"},"content":{"rendered":"<p><img loading=\"lazy\" decoding=\"async\" class=\"alignleft size-full wp-image-8351\" alt=\"\" src=\"https:\/\/www.juristenkoffer.de\/refblog\/wp-content\/uploads\/2013\/10\/elanref.jpg\" width=\"150\" height=\"150\" \/>Seit 2011 wird bereits in Baden-W\u00fcrttemberg die Wissensvermittlung durch Arbeitsgemeinschaften erg\u00e4nzt durch eine spezielle E-Learning-Plattform f\u00fcr Referendare mit dem Namen &#8222;ELAN-Ref&#8220;. Hier\u00fcber haben wir bereits in den <a href=\"https:\/\/www.juristenkoffer.de\/refblog\/zivilrechtsstation\/online-lernprogramm-fuer-referendare-aus-baden-wuerttemberg\/\">RefNews berichtet<\/a>. Ab Herbst diesen Jahres wird nun auch Sachsen das ELAN-Ref als Erg\u00e4nzung im Vorbereitungsdienst einsetzen. Dies wurde von der Pr\u00e4sidentin des LJPA,\u00a0Frau Andrea Franke,\u00a0bekannt gegeben.\u00a0<!--more-->In der <a href=\"http:\/\/www.uni-leipzig.de\/~jura\/juridicum.le\/2013\/09\/13\/elan-ref\/\" target=\"_blank\">Mitteilung der Pr\u00e4sidentin des LJPA<\/a>\u00a0hei\u00dft es:<\/p>\n<blockquote><p>Das S\u00e4chsische Landesjustizpr\u00fcfungsamt bietet den s\u00e4chsischen Referendarinnen und Referendaren ab Herbst diesen Jahres eine kostenlose elektronische Lernplattform an.\u00a0<b>ELAN-Ref <\/b>(<b>E<\/b>lektronisches\u00a0<b>L<\/b>ernen &#8211;\u00a0<b>A<\/b>usbildung im\u00a0<b>N<\/b>etz &#8211; F\u00fcr <strong>Ref<\/strong>erendarinnen und Referendare) nutzt die M\u00f6glichkeiten einer multimedialen und interaktiven Pr\u00e4sentation von juristischen Lerninhalten.<\/p>\n<p>Nutzer des Lernprogramms k\u00f6nnen sich den Lernstoff mithilfe einer durch das Programm f\u00fchrenden Sprecherstimme, Texten, \u00dcbersichten und Grafiken aktiv erarbeiten. Das Programm ist mit der Gesetzesdatenbank des Bundesjustizministeriums verbunden, so dass durch einfaches Anklicken jede in ELAN-Ref in Bezug genommene Rechtsvorschrift aufgerufen werden kann. Inhaltlich ist das Programm auf die f\u00fcr die Praxis und das Zweite Juristische Staatsexamen relevanten prozessualen Fragestellungen im Zivil- und Strafrecht konzentriert, wobei \u00fcberwiegend die Perspektive der richterlichen und staatsanwaltschaftlichen Praxis eingenommen wird. Auf streitige Rechtsmeinungen und Probleme wird aufmerksam gemacht, deren vertieftes Studium bleibt jedoch dem Pr\u00e4senzunterricht bzw dem eigenst\u00e4ndigen Lernen w\u00e4hrend des Referendariats \u2013 wie dem vorangehenden gewissenhaften Hochschulstudium \u2013 vorbehalten; diese kann und will ELAN-Ref nicht ersetzen. Integrierte \u00dcbungen dienen als Ansto\u00df f\u00fcr eigene L\u00f6sungsans\u00e4tze und zur eigenen Lernerfolgskontrolle.<\/p><\/blockquote>\n<p>Erste Informationen sind auch auf der Internetseite des <a href=\"http:\/\/www.justiz.sachsen.de\/content\/3746.htm\" target=\"_blank\">Justizministeriums Sachsen<\/a> abrufbar. Zudem wurde ein <a href=\"http:\/\/www.justiz.sachsen.de\/download\/Flyer.pdf\" target=\"_blank\">Flyer<\/a> zum Lernen mit dem ELAN-Ref erstellt.<\/p>\n<p>Da Baden-W\u00fcrttemberg das ELAN-Ref bereits seit 2011 einsetzt, sind auch erste Erfahrungsberichte abrufbar. Zum einen finden sich solche Berichte in den Kommentaren des oben verlinkten RefNews-Artikels. Zum anderen erschien in der JurPC (<a href=\"http:\/\/www.jurpc.de\/jurpc\/show?id=20130140\" target=\"_blank\">JurPC Web-Dok. 140\/2013<\/a>) ein ausf\u00fchrlicher Artikel des ehemaligen Referendars\u00a0Marc Aurel Hildinger, der die Funktionsweise des Programms inklusive einiger Screenshots beschreibt.<\/p>\n<p>Aufgerufen wird das E-Learning-Programm \u00fcber die Internetseite <a href=\"https:\/\/www.elan-ref.de\/\">https:\/\/www.elan-ref.de\/<\/a>. Aus der Startseite ergibt sich, dass das Programm grunds\u00e4tzlich sogar von 7 Bundesl\u00e4ndern gemeinsam entwickelt wurde. Es ist also durchaus denkbar, dass auch in anderen L\u00e4ndern in k\u00fcrze ELAN-Ref als Erg\u00e4nzung in der juristischen Ausbildung eingesetzt wird.<\/p>\n<p>Einen genauen Termin gibt es wohl f\u00fcr die L\u00e4nder Berlin und Brandenburg. Wie sich aus dem <a href=\"https:\/\/www.berlin.de\/imperia\/md\/content\/senatsverwaltungen\/justiz\/gjpa\/progr_elearning102013.pdf?start&amp;ts=1371549081&amp;file=progr_elearning102013.pdf\" target=\"_blank\">Tagungsprogramm eines internen Workshops<\/a> ergibt, soll in diesen beiden L\u00e4ndern das ELAN-Ref im Fr\u00fchjahr 2014 in die Referendarausbildung implementiert werden.<\/p>\n","protected":false},"excerpt":{"rendered":"<p>Seit 2011 wird bereits in Baden-W\u00fcrttemberg die Wissensvermittlung durch Arbeitsgemeinschaften erg\u00e4nzt durch eine spezielle E-Learning-Plattform f\u00fcr Referendare mit dem Namen &#8222;ELAN-Ref&#8220;. Hier\u00fcber haben wir bereits in den RefNews berichtet. Ab Herbst diesen Jahres wird nun auch Sachsen das ELAN-Ref als Erg\u00e4nzung im Vorbereitungsdienst einsetzen. Dies wurde von der Pr\u00e4sidentin des LJPA,\u00a0Frau Andrea Franke,\u00a0bekannt gegeben.\u00a0<\/p>\n","protected":false},"author":2,"featured_media":0,"comment_status":"open","ping_status":"open","sticky":false,"template":"","format":"standard","meta":{"footnotes":""},"categories":[1,240],"tags":[],"class_list":["post-8350","post","type-post","status-publish","format-standard","hentry","category-allgemein","category-sachsen"],"_links":{"self":[{"href":"https:\/\/www.juristenkoffer.de\/refblog\/wp-json\/wp\/v2\/posts\/8350","targetHints":{"allow":["GET"]}}],"collection":[{"href":"https:\/\/www.juristenkoffer.de\/refblog\/wp-json\/wp\/v2\/posts"}],"about":[{"href":"https:\/\/www.juristenkoffer.de\/refblog\/wp-json\/wp\/v2\/types\/post"}],"author":[{"embeddable":true,"href":"https:\/\/www.juristenkoffer.de\/refblog\/wp-json\/wp\/v2\/users\/2"}],"replies":[{"embeddable":true,"href":"https:\/\/www.juristenkoffer.de\/refblog\/wp-json\/wp\/v2\/comments?post=8350"}],"version-history":[{"count":12,"href":"https:\/\/www.juristenkoffer.de\/refblog\/wp-json\/wp\/v2\/posts\/8350\/revisions"}],"predecessor-version":[{"id":8354,"href":"https:\/\/www.juristenkoffer.de\/refblog\/wp-json\/wp\/v2\/posts\/8350\/revisions\/8354"}],"wp:attachment":[{"href":"https:\/\/www.juristenkoffer.de\/refblog\/wp-json\/wp\/v2\/media?parent=8350"}],"wp:term":[{"taxonomy":"category","embeddable":true,"href":"https:\/\/www.juristenkoffer.de\/refblog\/wp-json\/wp\/v2\/categories?post=8350"},{"taxonomy":"post_tag","embeddable":true,"href":"https:\/\/www.juristenkoffer.de\/refblog\/wp-json\/wp\/v2\/tags?post=8350"}],"curies":[{"name":"wp","href":"https:\/\/api.w.org\/{rel}","templated":true}]}}