{"id":8345,"date":"2013-10-07T12:05:41","date_gmt":"2013-10-07T10:05:41","guid":{"rendered":"http:\/\/www.juristenkoffer.de\/refblog\/?p=8345"},"modified":"2013-10-07T12:06:15","modified_gmt":"2013-10-07T10:06:15","slug":"sachverhalte-der-klausuren-im-september","status":"publish","type":"post","link":"https:\/\/www.juristenkoffer.de\/refblog\/examen\/sachverhalte-der-klausuren-im-september\/","title":{"rendered":"Sachverhalte der Klausuren im September"},"content":{"rendered":"<p><img loading=\"lazy\" decoding=\"async\" class=\"alignleft size-full wp-image-7150\" alt=\"\" src=\"https:\/\/www.juristenkoffer.de\/refblog\/wp-content\/uploads\/2013\/01\/paper.png\" width=\"150\" height=\"150\" \/>Wer sich \u00fcber die Sachverhalte der Klausuren Informieren m\u00f6chte, die im September im 2. Staatsexamen gestellt wurden, findet nun ausf\u00fchrliche Zusammenfassungen dazu im <a href=\"http:\/\/www.forum-zur-letzten-instanz.de\/showthread.php?tid=69\">Forum &#8222;Zur letzten Instanz&#8220;<\/a>!<\/p>\n<p>Als S2-Klausur war diesmal mal wieder ein Strafurteil statt einer Revision zu fertigen. Dies ist in den September-Klausurterminen der letzten Jahren <a href=\"https:\/\/www.juristenkoffer.de\/refblog\/examen\/revision-oder-urteil-im-2-staatsexamen\/\">immer (!) der Fall gewesen<\/a>.<!--more--><\/p>\n","protected":false},"excerpt":{"rendered":"<p>Wer sich \u00fcber die Sachverhalte der Klausuren Informieren m\u00f6chte, die im September im 2. Staatsexamen gestellt wurden, findet nun ausf\u00fchrliche Zusammenfassungen dazu im Forum &#8222;Zur letzten Instanz&#8220;! Als S2-Klausur war diesmal mal wieder ein Strafurteil statt einer Revision zu fertigen. Dies ist in den September-Klausurterminen der letzten Jahren immer (!) der Fall gewesen.<\/p>\n","protected":false},"author":2,"featured_media":0,"comment_status":"open","ping_status":"open","sticky":false,"template":"","format":"standard","meta":{"footnotes":""},"categories":[51],"tags":[],"class_list":["post-8345","post","type-post","status-publish","format-standard","hentry","category-examen"],"_links":{"self":[{"href":"https:\/\/www.juristenkoffer.de\/refblog\/wp-json\/wp\/v2\/posts\/8345","targetHints":{"allow":["GET"]}}],"collection":[{"href":"https:\/\/www.juristenkoffer.de\/refblog\/wp-json\/wp\/v2\/posts"}],"about":[{"href":"https:\/\/www.juristenkoffer.de\/refblog\/wp-json\/wp\/v2\/types\/post"}],"author":[{"embeddable":true,"href":"https:\/\/www.juristenkoffer.de\/refblog\/wp-json\/wp\/v2\/users\/2"}],"replies":[{"embeddable":true,"href":"https:\/\/www.juristenkoffer.de\/refblog\/wp-json\/wp\/v2\/comments?post=8345"}],"version-history":[{"count":3,"href":"https:\/\/www.juristenkoffer.de\/refblog\/wp-json\/wp\/v2\/posts\/8345\/revisions"}],"predecessor-version":[{"id":8348,"href":"https:\/\/www.juristenkoffer.de\/refblog\/wp-json\/wp\/v2\/posts\/8345\/revisions\/8348"}],"wp:attachment":[{"href":"https:\/\/www.juristenkoffer.de\/refblog\/wp-json\/wp\/v2\/media?parent=8345"}],"wp:term":[{"taxonomy":"category","embeddable":true,"href":"https:\/\/www.juristenkoffer.de\/refblog\/wp-json\/wp\/v2\/categories?post=8345"},{"taxonomy":"post_tag","embeddable":true,"href":"https:\/\/www.juristenkoffer.de\/refblog\/wp-json\/wp\/v2\/tags?post=8345"}],"curies":[{"name":"wp","href":"https:\/\/api.w.org\/{rel}","templated":true}]}}