{"id":8336,"date":"2013-09-30T10:45:49","date_gmt":"2013-09-30T08:45:49","guid":{"rendered":"http:\/\/www.juristenkoffer.de\/refblog\/?p=8336"},"modified":"2013-09-30T10:58:06","modified_gmt":"2013-09-30T08:58:06","slug":"neues-aus-der-station","status":"publish","type":"post","link":"https:\/\/www.juristenkoffer.de\/refblog\/strafrechtsstation\/neues-aus-der-station\/","title":{"rendered":"Neues aus der Station"},"content":{"rendered":"<p><img loading=\"lazy\" decoding=\"async\" class=\"alignleft size-full wp-image-7413\" alt=\"\" src=\"https:\/\/www.juristenkoffer.de\/refblog\/wp-content\/uploads\/2013\/03\/ukvgu1.png\" width=\"150\" height=\"160\" \/>Von mir gibt es auch mal wieder etwas neues, man h\u00e4tte ja schon vermuten k\u00f6nnen ich w\u00e4re untergegangen vor Arbeit oder \u00e4hnlichem.<\/p>\n<p>Mittlerweile hat bei mir die Strafrechtsstation angefangen und auch den ersten Sitzungsdienst habe ich bereits hinter mir. Der Einf\u00fchrungskurs zu Anfang der Station hat uns in aller Schnelle durch die Grundz\u00fcge gef\u00fchrt. Meines Erachtens nach war der Kurs manchmal ein wenig zu schnell.<!--more--> Aber anscheinend wurde er mittlerweile auf 4 Tage heruntergek\u00fcrzt weswegen es wohl eine Erforderlichkeit darstellt. Zusammen mit dem E-Lan Programm des Landes Baden-W\u00fcrttemberg hat man aber doch das (am meisten) relevante aber bereits am Anfang gesagt bekommen und war so nicht g\u00e4nzlich unvorbereitet im Pl\u00e4dierkurs. Dort wurden dann einige Sachen noch ein Mal wiederholt. Dann gab es im Rahmen des Pl\u00e4dierkurses bereits den ersten Auftritt vor Gericht. Dieser war f\u00fcr die Meisten jedoch relativ ern\u00fcchternd, Angeklagte kamen nicht oder haben ihren Einspruch zur\u00fcckgezogen oder Verhandlungen sind ausgefallen.<\/p>\n<p>Mein erster Sitzungsdienst verlief auch relativ\u00a0unspektakul\u00e4r. Ich kann da auch nur wiederholen was uns die ganze Zeit gesagt wurde, die Richter helfen einem schon sehr. Sie waren auch mal selbst in der Situation und stehen daher immer helfend zur Seite bzw. leiten die Verhandlung schon dementsprechend, dass nichts schiefgehen kann. Exemplarisch ein Zitat als der Angeklagte nicht kam: &#8222;Wenn der Angeklagte in 5 Minuten nicht kommt m\u00fcssen wir was machen. Herr Staatsanwalt, sie k\u00f6nnen sich ja schon ein Mal den 230 StPO anschauen.&#8220;<\/p>\n<p>Insofern muss man wirklich vor dem Sitzungsdienst keine Angst haben, im Gegenteil; je nach Verlauf der Verhandlung kann es sogar sehr witzig werden (Salesch&#8216; Verh\u00e4ltnisse im Gerichtssaal lassen gr\u00fc\u00dfen). Interessant sind die meisten F\u00e4lle auch, weil man doch durchaus einen Blick in das wahre Leben bekommt. So klischeehaft wie das auch klingen mag&#8230;.<\/p>\n","protected":false},"excerpt":{"rendered":"<p>Von mir gibt es auch mal wieder etwas neues, man h\u00e4tte ja schon vermuten k\u00f6nnen ich w\u00e4re untergegangen vor Arbeit oder \u00e4hnlichem. Mittlerweile hat bei mir die Strafrechtsstation angefangen und auch den ersten Sitzungsdienst habe ich bereits hinter mir. Der Einf\u00fchrungskurs zu Anfang der Station hat uns in aller Schnelle durch die Grundz\u00fcge gef\u00fchrt. Meines [&hellip;]<\/p>\n","protected":false},"author":46,"featured_media":0,"comment_status":"open","ping_status":"open","sticky":false,"template":"","format":"standard","meta":{"footnotes":""},"categories":[262,4],"tags":[],"class_list":["post-8336","post","type-post","status-publish","format-standard","hentry","category-baden-wuerttemberg","category-strafrechtsstation"],"_links":{"self":[{"href":"https:\/\/www.juristenkoffer.de\/refblog\/wp-json\/wp\/v2\/posts\/8336","targetHints":{"allow":["GET"]}}],"collection":[{"href":"https:\/\/www.juristenkoffer.de\/refblog\/wp-json\/wp\/v2\/posts"}],"about":[{"href":"https:\/\/www.juristenkoffer.de\/refblog\/wp-json\/wp\/v2\/types\/post"}],"author":[{"embeddable":true,"href":"https:\/\/www.juristenkoffer.de\/refblog\/wp-json\/wp\/v2\/users\/46"}],"replies":[{"embeddable":true,"href":"https:\/\/www.juristenkoffer.de\/refblog\/wp-json\/wp\/v2\/comments?post=8336"}],"version-history":[{"count":3,"href":"https:\/\/www.juristenkoffer.de\/refblog\/wp-json\/wp\/v2\/posts\/8336\/revisions"}],"predecessor-version":[{"id":8338,"href":"https:\/\/www.juristenkoffer.de\/refblog\/wp-json\/wp\/v2\/posts\/8336\/revisions\/8338"}],"wp:attachment":[{"href":"https:\/\/www.juristenkoffer.de\/refblog\/wp-json\/wp\/v2\/media?parent=8336"}],"wp:term":[{"taxonomy":"category","embeddable":true,"href":"https:\/\/www.juristenkoffer.de\/refblog\/wp-json\/wp\/v2\/categories?post=8336"},{"taxonomy":"post_tag","embeddable":true,"href":"https:\/\/www.juristenkoffer.de\/refblog\/wp-json\/wp\/v2\/tags?post=8336"}],"curies":[{"name":"wp","href":"https:\/\/api.w.org\/{rel}","templated":true}]}}