{"id":8300,"date":"2013-09-13T11:53:03","date_gmt":"2013-09-13T09:53:03","guid":{"rendered":"http:\/\/www.juristenkoffer.de\/refblog\/?p=8300"},"modified":"2013-09-13T11:59:18","modified_gmt":"2013-09-13T09:59:18","slug":"neue-einstellungstermine-im-saarland","status":"publish","type":"post","link":"https:\/\/www.juristenkoffer.de\/refblog\/vor-dem-referendariat\/neue-einstellungstermine-im-saarland\/","title":{"rendered":"Neue Einstellungstermine im Saarland"},"content":{"rendered":"<p><img loading=\"lazy\" decoding=\"async\" class=\"alignleft size-full wp-image-8301\" alt=\"\" src=\"https:\/\/www.juristenkoffer.de\/refblog\/wp-content\/uploads\/2013\/09\/Saarland.jpg\" width=\"150\" height=\"150\" \/>\u00dcber unsere <a href=\"https:\/\/www.facebook.com\/Referendarswelt\">Facebook-Seite<\/a> wurden wir darauf aufmerksam gemacht, dass es ab 2014 \u00c4nderungen im Saarland gibt: Dann erfolgen die Einstellungen in den Vorbereitungsdienst nicht mehr 4 x j\u00e4hrlich, sondern nur noch 2 x j\u00e4hrlich &#8211; und zwar zum 01. M\u00e4rz und zum 01. September. Es bleibt abzuwarten, ob dies Auswirkungen auf die Wartezeit im Saarland hat.<\/p>\n<p>Unsere Infoseite zum <a href=\"https:\/\/www.juristenkoffer.de\/rechtsreferendariat\/saarland\/\">Referendariat im Saarland<\/a> haben wir bereits aktualisiert!<!--more--><\/p>\n<p><strong>Nachtrag<\/strong>: Das Justizministerium selbst rechnet zuk\u00fcnftig mit Wartezeiten im Saarland: Laut Merkblatt &#8222;ist davon auszugehen, dass f\u00fcr die kommenden Einstellungstermine mehr Bewerbungen vorliegen werden, als freie Ausbildungspl\u00e4tze zur Verf\u00fcgung stehen\u201d.<\/p>\n","protected":false},"excerpt":{"rendered":"<p>\u00dcber unsere Facebook-Seite wurden wir darauf aufmerksam gemacht, dass es ab 2014 \u00c4nderungen im Saarland gibt: Dann erfolgen die Einstellungen in den Vorbereitungsdienst nicht mehr 4 x j\u00e4hrlich, sondern nur noch 2 x j\u00e4hrlich &#8211; und zwar zum 01. M\u00e4rz und zum 01. September. Es bleibt abzuwarten, ob dies Auswirkungen auf die Wartezeit im Saarland [&hellip;]<\/p>\n","protected":false},"author":2,"featured_media":0,"comment_status":"open","ping_status":"open","sticky":false,"template":"","format":"standard","meta":{"footnotes":""},"categories":[264,6],"tags":[],"class_list":["post-8300","post","type-post","status-publish","format-standard","hentry","category-saarland","category-vor-dem-referendariat"],"_links":{"self":[{"href":"https:\/\/www.juristenkoffer.de\/refblog\/wp-json\/wp\/v2\/posts\/8300","targetHints":{"allow":["GET"]}}],"collection":[{"href":"https:\/\/www.juristenkoffer.de\/refblog\/wp-json\/wp\/v2\/posts"}],"about":[{"href":"https:\/\/www.juristenkoffer.de\/refblog\/wp-json\/wp\/v2\/types\/post"}],"author":[{"embeddable":true,"href":"https:\/\/www.juristenkoffer.de\/refblog\/wp-json\/wp\/v2\/users\/2"}],"replies":[{"embeddable":true,"href":"https:\/\/www.juristenkoffer.de\/refblog\/wp-json\/wp\/v2\/comments?post=8300"}],"version-history":[{"count":8,"href":"https:\/\/www.juristenkoffer.de\/refblog\/wp-json\/wp\/v2\/posts\/8300\/revisions"}],"predecessor-version":[{"id":8303,"href":"https:\/\/www.juristenkoffer.de\/refblog\/wp-json\/wp\/v2\/posts\/8300\/revisions\/8303"}],"wp:attachment":[{"href":"https:\/\/www.juristenkoffer.de\/refblog\/wp-json\/wp\/v2\/media?parent=8300"}],"wp:term":[{"taxonomy":"category","embeddable":true,"href":"https:\/\/www.juristenkoffer.de\/refblog\/wp-json\/wp\/v2\/categories?post=8300"},{"taxonomy":"post_tag","embeddable":true,"href":"https:\/\/www.juristenkoffer.de\/refblog\/wp-json\/wp\/v2\/tags?post=8300"}],"curies":[{"name":"wp","href":"https:\/\/api.w.org\/{rel}","templated":true}]}}