{"id":8255,"date":"2013-09-03T07:54:53","date_gmt":"2013-09-03T05:54:53","guid":{"rendered":"http:\/\/www.juristenkoffer.de\/refblog\/?p=8255"},"modified":"2013-09-03T07:55:02","modified_gmt":"2013-09-03T05:55:02","slug":"infoveranstaltung-des-gjpa","status":"publish","type":"post","link":"https:\/\/www.juristenkoffer.de\/refblog\/examen\/infoveranstaltung-des-gjpa\/","title":{"rendered":"Infoveranstaltung des GJPA Berlin \/ Brandenburg"},"content":{"rendered":"<p><img loading=\"lazy\" decoding=\"async\" class=\"alignleft size-full wp-image-8256\" alt=\"\" src=\"https:\/\/www.juristenkoffer.de\/refblog\/wp-content\/uploads\/2013\/09\/ident_land3.gif\" width=\"150\" height=\"150\" \/>Das Gemeinsame Juristische Pr\u00fcfungs\u00e4mter f\u00fchrt regelm\u00e4\u00dfig Infoveranstaltungen f\u00fcr Referendare durch, die demn\u00e4chst das 2. Staatsexamen schreiben. Auf dieser Veranstaltungen k\u00f6nnen die Referendare Fragen stellen, die dann vom Pr\u00fcfungsamt selbst &#8211; also aus 1. Hand &#8211; beantwortet werden!<\/p>\n<p>Die n\u00e4chste Veranstaltung des GJPA findet\u00a0am\u00a0Mittwoch, dem 18. September 2013 um 14.00 Uhr statt.<!--more--> Ort der Veranstaltung ist das Geb\u00e4ude der Senatsverwaltung f\u00fcr Justiz und Verbraucherschutz (Salzburger Str. 21-25, 10825 Berlin-Sch\u00f6neberg), Saal A. Fragen k\u00f6nnen\u00a0bis zum 11. September 2013 per E-Mail\u00a0bei dem GJPA (martin.gutfrucht@senjust.berlin.de) eingereicht werden.<\/p>\n","protected":false},"excerpt":{"rendered":"<p>Das Gemeinsame Juristische Pr\u00fcfungs\u00e4mter f\u00fchrt regelm\u00e4\u00dfig Infoveranstaltungen f\u00fcr Referendare durch, die demn\u00e4chst das 2. Staatsexamen schreiben. Auf dieser Veranstaltungen k\u00f6nnen die Referendare Fragen stellen, die dann vom Pr\u00fcfungsamt selbst &#8211; also aus 1. Hand &#8211; beantwortet werden! Die n\u00e4chste Veranstaltung des GJPA findet\u00a0am\u00a0Mittwoch, dem 18. September 2013 um 14.00 Uhr statt.<\/p>\n","protected":false},"author":2,"featured_media":0,"comment_status":"open","ping_status":"open","sticky":false,"template":"","format":"standard","meta":{"footnotes":""},"categories":[117,118,51],"tags":[],"class_list":["post-8255","post","type-post","status-publish","format-standard","hentry","category-berlin","category-brandenburg","category-examen"],"_links":{"self":[{"href":"https:\/\/www.juristenkoffer.de\/refblog\/wp-json\/wp\/v2\/posts\/8255","targetHints":{"allow":["GET"]}}],"collection":[{"href":"https:\/\/www.juristenkoffer.de\/refblog\/wp-json\/wp\/v2\/posts"}],"about":[{"href":"https:\/\/www.juristenkoffer.de\/refblog\/wp-json\/wp\/v2\/types\/post"}],"author":[{"embeddable":true,"href":"https:\/\/www.juristenkoffer.de\/refblog\/wp-json\/wp\/v2\/users\/2"}],"replies":[{"embeddable":true,"href":"https:\/\/www.juristenkoffer.de\/refblog\/wp-json\/wp\/v2\/comments?post=8255"}],"version-history":[{"count":7,"href":"https:\/\/www.juristenkoffer.de\/refblog\/wp-json\/wp\/v2\/posts\/8255\/revisions"}],"predecessor-version":[{"id":8261,"href":"https:\/\/www.juristenkoffer.de\/refblog\/wp-json\/wp\/v2\/posts\/8255\/revisions\/8261"}],"wp:attachment":[{"href":"https:\/\/www.juristenkoffer.de\/refblog\/wp-json\/wp\/v2\/media?parent=8255"}],"wp:term":[{"taxonomy":"category","embeddable":true,"href":"https:\/\/www.juristenkoffer.de\/refblog\/wp-json\/wp\/v2\/categories?post=8255"},{"taxonomy":"post_tag","embeddable":true,"href":"https:\/\/www.juristenkoffer.de\/refblog\/wp-json\/wp\/v2\/tags?post=8255"}],"curies":[{"name":"wp","href":"https:\/\/api.w.org\/{rel}","templated":true}]}}