{"id":8119,"date":"2013-07-22T10:56:51","date_gmt":"2013-07-22T08:56:51","guid":{"rendered":"http:\/\/www.juristenkoffer.de\/refblog\/?p=8119"},"modified":"2013-07-22T11:03:55","modified_gmt":"2013-07-22T09:03:55","slug":"mehr-geld-fuer-referendare-aus-niedersachsen","status":"publish","type":"post","link":"https:\/\/www.juristenkoffer.de\/refblog\/allgemein\/mehr-geld-fuer-referendare-aus-niedersachsen\/","title":{"rendered":"Mehr Geld f\u00fcr Referendare aus Niedersachsen"},"content":{"rendered":"<p><img loading=\"lazy\" decoding=\"async\" class=\"alignleft size-full wp-image-7050\" alt=\"\" src=\"https:\/\/www.juristenkoffer.de\/refblog\/wp-content\/uploads\/2013\/01\/00423112.jpg\" width=\"150\" height=\"150\" \/>Wie sich der <a href=\"http:\/\/www.nlbv.niedersachsen.de\/portal\/live.php?navigation_id=17833&amp;article_id=115543&amp;_psmand=111\">Mitteilung der OFD Niedersachsen<\/a> entnehmen l\u00e4sst, hat der Nieders\u00e4chsische Landtag am 29.05.2013 das Besoldungs- und Versorgungsanpassungsgesetz 2013 beschlossen, so dass Referendare in Niedersachsen k\u00fcnftig mit mehr Unterhaltsbeihilfe rechnen k\u00f6nnen. Die Anw\u00e4rtergrundbetr\u00e4ge werden demnach um 50 Euro angehoben.<\/p>\n<p>Bisher sah die Rechnung f\u00fcr Rechtsreferendare folgenderma\u00dfen aus:<!--more--><\/p>\n<p>Anw\u00e4rtergrundbetrag: 1195,81 Euro<br \/>\ndavon 85 %: 1016,44 Euro<\/p>\n<p>Netto lag man (Steuerklasse 1, keine Kinder) bei etwa 882 Euro.<\/p>\n<p>Die neue Rechnung sieht dann wie folgt aus:<\/p>\n<p>Anw\u00e4rtergrundbetrag: 1245,81 Euro<br \/>\ndavon 85 %: 1058,94 Euro<\/p>\n<p>Netto macht das (Steuerklasse 1, keine Kinder)\u00a0~ 913 Euro auf dem Konto.<\/p>\n<p>Nieders\u00e4chsische Referendare haben somit monatlich knapp 30 \u20ac netto mehr zur Verf\u00fcgung. Da die Erh\u00f6hung zudem r\u00fcckwirkend ab dem 01.01.2013 gilt, gibt es auch noch eine sch\u00f6ne Nachzahlung aufgrund der Differenz\u00a0seit Januar. Dar\u00fcber\u00a0freut sich doch der Geldbeutel. \ud83d\ude42<\/p>\n<p>Laut OFD wird die Zahlung der erh\u00f6hten Bez\u00fcge mit der Besoldung f\u00fcr den Monat August 2013 erfolgen.<\/p>\n","protected":false},"excerpt":{"rendered":"<p>Wie sich der Mitteilung der OFD Niedersachsen entnehmen l\u00e4sst, hat der Nieders\u00e4chsische Landtag am 29.05.2013 das Besoldungs- und Versorgungsanpassungsgesetz 2013 beschlossen, so dass Referendare in Niedersachsen k\u00fcnftig mit mehr Unterhaltsbeihilfe rechnen k\u00f6nnen. Die Anw\u00e4rtergrundbetr\u00e4ge werden demnach um 50 Euro angehoben. Bisher sah die Rechnung f\u00fcr Rechtsreferendare folgenderma\u00dfen aus:<\/p>\n","protected":false},"author":43,"featured_media":0,"comment_status":"open","ping_status":"open","sticky":false,"template":"","format":"standard","meta":{"footnotes":""},"categories":[1,42],"tags":[],"class_list":["post-8119","post","type-post","status-publish","format-standard","hentry","category-allgemein","category-niedersachsen"],"_links":{"self":[{"href":"https:\/\/www.juristenkoffer.de\/refblog\/wp-json\/wp\/v2\/posts\/8119","targetHints":{"allow":["GET"]}}],"collection":[{"href":"https:\/\/www.juristenkoffer.de\/refblog\/wp-json\/wp\/v2\/posts"}],"about":[{"href":"https:\/\/www.juristenkoffer.de\/refblog\/wp-json\/wp\/v2\/types\/post"}],"author":[{"embeddable":true,"href":"https:\/\/www.juristenkoffer.de\/refblog\/wp-json\/wp\/v2\/users\/43"}],"replies":[{"embeddable":true,"href":"https:\/\/www.juristenkoffer.de\/refblog\/wp-json\/wp\/v2\/comments?post=8119"}],"version-history":[{"count":9,"href":"https:\/\/www.juristenkoffer.de\/refblog\/wp-json\/wp\/v2\/posts\/8119\/revisions"}],"predecessor-version":[{"id":8131,"href":"https:\/\/www.juristenkoffer.de\/refblog\/wp-json\/wp\/v2\/posts\/8119\/revisions\/8131"}],"wp:attachment":[{"href":"https:\/\/www.juristenkoffer.de\/refblog\/wp-json\/wp\/v2\/media?parent=8119"}],"wp:term":[{"taxonomy":"category","embeddable":true,"href":"https:\/\/www.juristenkoffer.de\/refblog\/wp-json\/wp\/v2\/categories?post=8119"},{"taxonomy":"post_tag","embeddable":true,"href":"https:\/\/www.juristenkoffer.de\/refblog\/wp-json\/wp\/v2\/tags?post=8119"}],"curies":[{"name":"wp","href":"https:\/\/api.w.org\/{rel}","templated":true}]}}