{"id":8065,"date":"2013-07-10T08:30:49","date_gmt":"2013-07-10T06:30:49","guid":{"rendered":"http:\/\/www.juristenkoffer.de\/refblog\/?p=8065"},"modified":"2013-07-10T08:32:52","modified_gmt":"2013-07-10T06:32:52","slug":"der-1-tag-im-referendariat","status":"publish","type":"post","link":"https:\/\/www.juristenkoffer.de\/refblog\/allgemein\/der-1-tag-im-referendariat\/","title":{"rendered":"Der 1. Tag im Referendariat"},"content":{"rendered":"<p><img loading=\"lazy\" decoding=\"async\" class=\"alignleft size-full wp-image-7481\" alt=\"\" src=\"https:\/\/www.juristenkoffer.de\/refblog\/wp-content\/uploads\/2013\/03\/MP900405396.jpg\" width=\"150\" height=\"160\" \/>Endlich hatte ich den langersehnten Brief erhalten. Ich hatte mich f\u00fcr verschiedene Gerichtsbezirke beworben und vor Monaten die \u201eBewerbung\u201c abgeschickt. Nun hatte ich endlich meine Zusage und wusste es geht bald los. Dem Schreiben war eine Zusage beigef\u00fcgt, welche ich ausf\u00fcllen sollte. Nach dem Absenden der Zusage hat es nochmal ungef\u00e4hr zwei Wochen gedauert, bis ich einen neuen Brief mit etlichen Infobl\u00e4ttern und Formularen erhalten hatte. Verschwiegenheitserkl\u00e4rung, Ausk\u00fcnfte und und und.<!--more--> Auch war der Ablauf des 1. Tages des Referendariats beschrieben. Es gab eine Einf\u00fchrungsveranstaltung, welche uns den genauen Ablauf des Referendariats n\u00e4her bringen sollte. Zus\u00e4tzlich sollten wir die M\u00f6glichkeit haben, Fragen zu stellen und die \u201eKollegen\u201c kennenlernen.<\/p>\n<p>Soweit so gut. Der Tag r\u00fcckte immer n\u00e4her. Dabei dr\u00e4ngte sich auch zunehmend die Frage auf: was zieh ich an? Schlie\u00dflich findet die Veranstaltung im Gericht statt, dort werden Richter und Anw\u00e4lte Vortr\u00e4ge halten. Z\u00e4hlt auch hier der erste Eindruck? Ich war mir unsicher, was man zum 1. Tag des Referendariats tragen sollte. Man wollte ja auch nicht zu dick auftragen. Der Tag r\u00fcckte immer n\u00e4her und ich entschied mich im Endeffekt f\u00fcr ein Outfit was mir schlichtweg gefiel und worin ich mich auch wohl f\u00fchlte. Es bringt ja nichts, wenn man den ganzen Tag nur an seinem Blazer oder Anzug rumzwickt.<\/p>\n<p>Nun war es soweit. Der 1. Tag. Ich war schon ein wenig nerv\u00f6s. Schlie\u00dflich ist ja alles neu. Auch die Leute. Eine Freundin von mir hatte sich f\u00fcr den gleichen Gerichtsbezirk beworben und so konnten wir eine Fahrgemeinschaft bilden. Es war ganz gut nicht \u201eallein\u201c zu sein.<\/p>\n<p>Dort beim Gericht angekommen, erwarteten uns schon die ersten \u201eKollegen\u201c in Anzug, feingestriegelt mit Aktentasche. Gut dachte ich, ist jetzt nicht ganz das Outfit, f\u00fcr welches ich mich nun entschieden hatte aber okay. Wir trafen uns alle in einem riesigen alt restaurierten Sitzungssaal. Es war schon alles vorbereitet und die f\u00fcr uns zust\u00e4ndige Dame wartete schon auf uns. Nach einer kurzen pers\u00f6nlichen Begr\u00fc\u00dfung ging es auch schon los. Zun\u00e4chst klang alles gut und man war einfach nur interessiert was uns ehemalige Referendare empfehlen werden. Ich pers\u00f6nlich war im Laufe des Tages ein bisschen verunsichert. Es wurde immer wieder betont, wie viel man doch f\u00fcr das Referendariat machen m\u00fcsse und kaum Zeit h\u00e4tte noch andere Dinge zu tun. Jeder Nebenjob soll sich gut \u00fcberlegt sein und auch sonst wird viel von uns abverlangt. Man sollte sich am besten schon jetzt um alles k\u00fcmmern: Klausurenkurse, Repetiorien, Lerngruppe und und und. Okay, dachte ich. Ich hatte mir das alles irgendwie anders vorgestellt. Klar ist einem bewusst, dass man sich genauso wie im Studium reinknien und was f\u00fcr seinen Erfolg tun muss, aber solch eine Angst und Unsicherheit muss man nun nicht verbreiten.<\/p>\n<p>Nichtdestotrotz ging die Veranstaltung nicht sehr lange. Kurze Zeit sp\u00e4ter sind wir wieder nach Hause gefahren und habe erst einmal alles sacken gelassen. Morgen sollte ja schon die Arbeitsgemeinschaft beginnen. W\u00e4hrend der Infoveranstaltung blieb uns eigentlich kaum Zeit, die Anderen wirklich kennen zu lernen. Aber daf\u00fcr gibt`s ja die AG. Ich war sehr gespannt auf den Ablauf der AG, auf meine Seminargruppe und auf meinen Ausbilder. Es tut gut aus dem Unileben rauszukommen und verbindliche \u201eTermine\u201c zu haben. So gut wie alles ist Dienstpflicht, jede \u00dcbungsklausur, jeder Kurs. Aber die AG ist toll. Sehr zeitintensiv, aber sie macht jede Menge Spa\u00df. Aber wie die AG im Einzelnen wirklich abl\u00e4uft, berichte ich das n\u00e4chste Mal!<\/p>\n","protected":false},"excerpt":{"rendered":"<p>Endlich hatte ich den langersehnten Brief erhalten. Ich hatte mich f\u00fcr verschiedene Gerichtsbezirke beworben und vor Monaten die \u201eBewerbung\u201c abgeschickt. Nun hatte ich endlich meine Zusage und wusste es geht bald los. Dem Schreiben war eine Zusage beigef\u00fcgt, welche ich ausf\u00fcllen sollte. Nach dem Absenden der Zusage hat es nochmal ungef\u00e4hr zwei Wochen gedauert, bis [&hellip;]<\/p>\n","protected":false},"author":45,"featured_media":0,"comment_status":"open","ping_status":"open","sticky":false,"template":"","format":"standard","meta":{"footnotes":""},"categories":[1],"tags":[],"class_list":["post-8065","post","type-post","status-publish","format-standard","hentry","category-allgemein"],"_links":{"self":[{"href":"https:\/\/www.juristenkoffer.de\/refblog\/wp-json\/wp\/v2\/posts\/8065","targetHints":{"allow":["GET"]}}],"collection":[{"href":"https:\/\/www.juristenkoffer.de\/refblog\/wp-json\/wp\/v2\/posts"}],"about":[{"href":"https:\/\/www.juristenkoffer.de\/refblog\/wp-json\/wp\/v2\/types\/post"}],"author":[{"embeddable":true,"href":"https:\/\/www.juristenkoffer.de\/refblog\/wp-json\/wp\/v2\/users\/45"}],"replies":[{"embeddable":true,"href":"https:\/\/www.juristenkoffer.de\/refblog\/wp-json\/wp\/v2\/comments?post=8065"}],"version-history":[{"count":8,"href":"https:\/\/www.juristenkoffer.de\/refblog\/wp-json\/wp\/v2\/posts\/8065\/revisions"}],"predecessor-version":[{"id":8103,"href":"https:\/\/www.juristenkoffer.de\/refblog\/wp-json\/wp\/v2\/posts\/8065\/revisions\/8103"}],"wp:attachment":[{"href":"https:\/\/www.juristenkoffer.de\/refblog\/wp-json\/wp\/v2\/media?parent=8065"}],"wp:term":[{"taxonomy":"category","embeddable":true,"href":"https:\/\/www.juristenkoffer.de\/refblog\/wp-json\/wp\/v2\/categories?post=8065"},{"taxonomy":"post_tag","embeddable":true,"href":"https:\/\/www.juristenkoffer.de\/refblog\/wp-json\/wp\/v2\/tags?post=8065"}],"curies":[{"name":"wp","href":"https:\/\/api.w.org\/{rel}","templated":true}]}}