{"id":7611,"date":"2013-04-13T10:21:37","date_gmt":"2013-04-13T09:21:37","guid":{"rendered":"http:\/\/www.juristenkoffer.de\/refblog\/?p=7611"},"modified":"2013-04-13T10:21:47","modified_gmt":"2013-04-13T09:21:47","slug":"auch-die-letzte-station-im-referendariat-ist-nun-gefunden","status":"publish","type":"post","link":"https:\/\/www.juristenkoffer.de\/refblog\/niedersachsen\/auch-die-letzte-station-im-referendariat-ist-nun-gefunden\/","title":{"rendered":"Auch die letzte Station im Referendariat ist nun gefunden"},"content":{"rendered":"<p><img loading=\"lazy\" decoding=\"async\" class=\"alignleft size-full wp-image-7061\" alt=\"\" src=\"https:\/\/www.juristenkoffer.de\/refblog\/wp-content\/uploads\/2013\/01\/MP900405396.jpg\" width=\"150\" height=\"150\" \/>Hallo lieber Leser, zun\u00e4chst einmal das \u00fcbliche Update was der Referendars-Alltag so macht, bevor ich zu meinem pers\u00f6nlichen Highlight dieses Berichts komme. \ud83d\ude42<\/p>\n<p>Mittlerweile haben wir die erste Klausur in der Anwalts-AG geschrieben\u2026und zwischenzeitlich sogar auch schon wiederbekommen. Ich bin sehr zufrieden mit der Punktzahl die drunter steht.<!--more--> Die Bewertung kann man &#8211; meiner Einsch\u00e4tzung nach \u2013 allerdings wohl nicht wirklich ernst nehmen. Jedenfalls bin ich mir sehr sicher, dass diese Klausur, so wie ich sie abgeliefert habe, im Examen nicht korrigiert und bewertet worden w\u00e4re (wenn doch, w\u00fcrde es mich nat\u00fcrlich umso mehr freuen). \ud83d\ude00 Der AG-Leiter hat die Notenskala allerdings voll ausgesch\u00f6pft: durchgefallen ist zwar niemand, aber ansonsten reichen die Noten von \u201eausreichend\u201c bis zum \u201esehr gut\u201c. Die zweite Klausur steht auch schon in den Startl\u00f6chern und nachdem ich f\u00fcr die erste Klausur wirklich absolut gar nichts gelernt habe, werde ich mal gucken, ob diese \u201eTaktik\u201c auch f\u00fcr die zweite Klausur funktioniert. Das muss es momentan einfach notgedrungen, weil ich so gut wie gar keine Zeit habe nebenbei noch zu lernen und ich am Sonntag froh bin, wenn ich mal kein Jura sehen muss. Hinzu kommt, dass mich momentan auch die Fr\u00fchjahrsm\u00fcdigkeit beschleicht und ich mit M\u00fche und Not gerade das erledigt kriege und mache, was ich machen muss \u2013 aber mehr auch nicht. Ich bin einfach durchg\u00e4ngig m\u00fcde (geht es jemandem \u00e4hnlich?). Aber nachdem das Wetter jetzt am letzten Wochenende schon etwas besser wurde, hoffe ich, dass sich das Ganze in Zukunft noch weiter steigern wird (oder zumindest so bleibt, aber auf keinen Fall wieder schlechter wird) und mit dem besseren Wetter wird dann auch diese Dauerm\u00fcdigkeit verschwinden und wieder mehr Elan aufkommen\u2026.das hoffe ich jedenfalls. \ud83d\ude09<\/p>\n<p>In der Ausbildungsstation selbst, also in der Kanzlei, l\u00e4uft es wie gehabt. Insofern gibt es von dort auch nichts Neues zu berichten. Ich fiebere allerdings dem Ende entgegen (damit meine ich nicht nur das Ende der Ausbildungsstation, sondern insbesondere dem Ende des Referendariats allgemein). Ich kenne auch einige Referendare die im jetzigen Aprildurchgang das 2. Examen schreiben und \u2013 ich f\u00fchle mich zwar \u00fcberhaupt nicht darauf vorbereitet und w\u00fcrde die Klausuren wohl gr\u00f6\u00dftenteils in den Sand setzen da meine Lernphase ja erst noch bevorsteht \u2013 bin aber dennoch sehr neidisch, dass sie das Referendariat &#8211; zumindest die Examensklausuren &#8211; bald geschafft haben.<\/p>\n<p>Und nun zum Abschluss &#8211; und wie bereits erwartungsvoll angek\u00fcndigt \u2013 mein pers\u00f6nliches Highlight dieses Berichts *Trommelwirbel*. Neuigkeiten gibt es n\u00e4mlich was die Wahlstation angeht. Meine Bewerbung f\u00fcr eine Auslandsstation war erfolgreich und damit ist nun zugleich auch die letzte Station im Referendariat verplant. \ud83d\ude42 Ich konnte es erst gar nicht glauben als die Zusage kam.\u00a0Zu behaupten,\u00a0dass ich mich wahnsinnig dar\u00fcber gefreut habe, ist sogar noch leicht untertrieben.\u00a0\ud83d\ude09\u00a0Die Wahlstation werde ich\u00a0somit wie gew\u00fcnscht\u00a0im \u201eexotischen\u201c asiatischen Raum verbringen. \ud83d\ude42 In den kommenden Wochen werde ich die Vordrucke ausf\u00fcllen (lassen) und die Zuweisung f\u00fcr die Ausbildungsstelle beim OLG beantragen. Wenn das unter Dach und Fach ist, geht es an die n\u00e4heren Reisevorbereitungen, d.h. Unterkunft, Flug, ggf. Impfungen etc. \ud83d\ude42<\/p>\n<p>In diesem Sinne sende ich euch fr\u00fchlingshafte Gr\u00fc\u00dfe (auch wenn es aktuell gerade wieder regnet und den Eindruck macht, als wenn der Fr\u00fchling sich nur kurzzeitig hat blicken lassen\u2026wir wollen es mal nicht hoffen :-\/).<\/p>\n<p>Emily*<\/p>\n","protected":false},"excerpt":{"rendered":"<p>Hallo lieber Leser, zun\u00e4chst einmal das \u00fcbliche Update was der Referendars-Alltag so macht, bevor ich zu meinem pers\u00f6nlichen Highlight dieses Berichts komme. \ud83d\ude42 Mittlerweile haben wir die erste Klausur in der Anwalts-AG geschrieben\u2026und zwischenzeitlich sogar auch schon wiederbekommen. Ich bin sehr zufrieden mit der Punktzahl die drunter steht.<\/p>\n","protected":false},"author":43,"featured_media":0,"comment_status":"open","ping_status":"open","sticky":false,"template":"","format":"standard","meta":{"footnotes":""},"categories":[48,42],"tags":[],"class_list":["post-7611","post","type-post","status-publish","format-standard","hentry","category-anwaltsstation","category-niedersachsen"],"_links":{"self":[{"href":"https:\/\/www.juristenkoffer.de\/refblog\/wp-json\/wp\/v2\/posts\/7611","targetHints":{"allow":["GET"]}}],"collection":[{"href":"https:\/\/www.juristenkoffer.de\/refblog\/wp-json\/wp\/v2\/posts"}],"about":[{"href":"https:\/\/www.juristenkoffer.de\/refblog\/wp-json\/wp\/v2\/types\/post"}],"author":[{"embeddable":true,"href":"https:\/\/www.juristenkoffer.de\/refblog\/wp-json\/wp\/v2\/users\/43"}],"replies":[{"embeddable":true,"href":"https:\/\/www.juristenkoffer.de\/refblog\/wp-json\/wp\/v2\/comments?post=7611"}],"version-history":[{"count":10,"href":"https:\/\/www.juristenkoffer.de\/refblog\/wp-json\/wp\/v2\/posts\/7611\/revisions"}],"predecessor-version":[{"id":7633,"href":"https:\/\/www.juristenkoffer.de\/refblog\/wp-json\/wp\/v2\/posts\/7611\/revisions\/7633"}],"wp:attachment":[{"href":"https:\/\/www.juristenkoffer.de\/refblog\/wp-json\/wp\/v2\/media?parent=7611"}],"wp:term":[{"taxonomy":"category","embeddable":true,"href":"https:\/\/www.juristenkoffer.de\/refblog\/wp-json\/wp\/v2\/categories?post=7611"},{"taxonomy":"post_tag","embeddable":true,"href":"https:\/\/www.juristenkoffer.de\/refblog\/wp-json\/wp\/v2\/tags?post=7611"}],"curies":[{"name":"wp","href":"https:\/\/api.w.org\/{rel}","templated":true}]}}