{"id":7603,"date":"2013-04-09T14:47:13","date_gmt":"2013-04-09T13:47:13","guid":{"rendered":"http:\/\/www.juristenkoffer.de\/refblog\/?p=7603"},"modified":"2013-04-09T14:48:11","modified_gmt":"2013-04-09T13:48:11","slug":"sachverhalte-der-klausuren-im-maerz-2013","status":"publish","type":"post","link":"https:\/\/www.juristenkoffer.de\/refblog\/nrw\/sachverhalte-der-klausuren-im-maerz-2013\/","title":{"rendered":"Sachverhalte der Klausuren im M\u00e4rz 2013"},"content":{"rendered":"<p><img loading=\"lazy\" decoding=\"async\" class=\"alignleft size-full wp-image-7150\" alt=\"paper\" src=\"https:\/\/www.juristenkoffer.de\/refblog\/wp-content\/uploads\/2013\/01\/paper.png\" width=\"150\" height=\"160\" \/>Wer sich f\u00fcr die Sachverhalte der Klausuren interessiert, die im M\u00e4rz in NRW liefen, findet ausf\u00fchrliche Zusammenfassungen im <a href=\"http:\/\/www.forum-zur-letzten-instanz.de\/showthread.php?tid=55\" target=\"_blank\">Forum &#8222;Zur letzten Instanz&#8220;<\/a>!<\/p>\n<p>Auch zuk\u00fcnftig sind wir auf Zusammenfassungen der Sachverhalte angewiesen, um unsere Rubrik &#8222;<a href=\"https:\/\/www.juristenkoffer.de\/refblog\/kategorie\/klausuren-examen\/\">Was lief in den Klausuren<\/a>&#8220; aktuell halten zu k\u00f6nnen. Bitte sende auch Du uns den Inhalt Deiner Klausuren, wenn Du das 2. Examen schreibst. Vielen Dank!<\/p>\n","protected":false},"excerpt":{"rendered":"<p>Wer sich f\u00fcr die Sachverhalte der Klausuren interessiert, die im M\u00e4rz in NRW liefen, findet ausf\u00fchrliche Zusammenfassungen im Forum &#8222;Zur letzten Instanz&#8220;! Auch zuk\u00fcnftig sind wir auf Zusammenfassungen der Sachverhalte angewiesen, um unsere Rubrik &#8222;Was lief in den Klausuren&#8220; aktuell halten zu k\u00f6nnen. Bitte sende auch Du uns den Inhalt Deiner Klausuren, wenn Du das [&hellip;]<\/p>\n","protected":false},"author":2,"featured_media":0,"comment_status":"open","ping_status":"open","sticky":false,"template":"","format":"standard","meta":{"footnotes":""},"categories":[41,51],"tags":[],"class_list":["post-7603","post","type-post","status-publish","format-standard","hentry","category-nrw","category-examen"],"_links":{"self":[{"href":"https:\/\/www.juristenkoffer.de\/refblog\/wp-json\/wp\/v2\/posts\/7603","targetHints":{"allow":["GET"]}}],"collection":[{"href":"https:\/\/www.juristenkoffer.de\/refblog\/wp-json\/wp\/v2\/posts"}],"about":[{"href":"https:\/\/www.juristenkoffer.de\/refblog\/wp-json\/wp\/v2\/types\/post"}],"author":[{"embeddable":true,"href":"https:\/\/www.juristenkoffer.de\/refblog\/wp-json\/wp\/v2\/users\/2"}],"replies":[{"embeddable":true,"href":"https:\/\/www.juristenkoffer.de\/refblog\/wp-json\/wp\/v2\/comments?post=7603"}],"version-history":[{"count":3,"href":"https:\/\/www.juristenkoffer.de\/refblog\/wp-json\/wp\/v2\/posts\/7603\/revisions"}],"predecessor-version":[{"id":7608,"href":"https:\/\/www.juristenkoffer.de\/refblog\/wp-json\/wp\/v2\/posts\/7603\/revisions\/7608"}],"wp:attachment":[{"href":"https:\/\/www.juristenkoffer.de\/refblog\/wp-json\/wp\/v2\/media?parent=7603"}],"wp:term":[{"taxonomy":"category","embeddable":true,"href":"https:\/\/www.juristenkoffer.de\/refblog\/wp-json\/wp\/v2\/categories?post=7603"},{"taxonomy":"post_tag","embeddable":true,"href":"https:\/\/www.juristenkoffer.de\/refblog\/wp-json\/wp\/v2\/tags?post=7603"}],"curies":[{"name":"wp","href":"https:\/\/api.w.org\/{rel}","templated":true}]}}