{"id":6693,"date":"2012-11-09T08:44:57","date_gmt":"2012-11-09T07:44:57","guid":{"rendered":"http:\/\/www.juristenkoffer.de\/refblog\/?p=6693"},"modified":"2012-11-22T09:01:12","modified_gmt":"2012-11-22T08:01:12","slug":"dienstantritt-willkommen-in-der-beamtenstadt-darmstadt","status":"publish","type":"post","link":"https:\/\/www.juristenkoffer.de\/refblog\/zivilrechtsstation\/dienstantritt-willkommen-in-der-beamtenstadt-darmstadt\/","title":{"rendered":"Dienstantritt &#8211; Willkommen in der Beamtenstadt Darmstadt!"},"content":{"rendered":"<p><img loading=\"lazy\" decoding=\"async\" class=\"alignleft size-full wp-image-6697\" title=\"\" src=\"https:\/\/www.juristenkoffer.de\/refblog\/wp-content\/uploads\/2012\/11\/erstertag.jpg\" alt=\"\" width=\"150\" height=\"160\" \/>Vorfreudig, aber doch auch etwas verunsichert hatte ich dem ersten Tag des Referendariats entgegen gesehen &#8211; was genau wird passieren am 1. Tag? Wie sind wohl die Mitreferendare und die Ausbilder? Und nicht zuletzt, was soll ich anziehen?<\/p>\n<p>Doch schon war es soweit &#8211; nachdem ich direkt nach Ankunft am Hauptbahnhof diverse Sch\u00f6nfeldertaschen ersp\u00e4hte, musste ich mich den Menschenstr\u00f6men zum Mathildenplatz nur anschlie\u00dfen.<!--more--> Ich hatte den richtigen Raum im richtigen Geb\u00e4udekomplex fast auf Anhieb gefunden und sa\u00df inmitten 40 anderer Referendare (alle business casual gekleidet, so gut wie keiner im Anzug\/Kost\u00fcm), als uns der Vizepr\u00e4sident freundlich begr\u00fc\u00dfte. Nach einer kurzen Vorstellung nutzte er sogleich die Gelegenheit, um unsere Kenntnisse bez\u00fcglich des Instanzenzuges, aber auch unsere Geographiekenntnisse zu pr\u00fcfen &#8211; welches Gebiet ist vom LG-Bezirk Darmstadt umfasst und welche Menschen arbeiten wo genau in welcher Einrichtung der Justiz?<\/p>\n<p>Doch was erwartet uns nun? Der Vizepr\u00e4sident warnte uns einerseits &#8222;es ist nicht die H\u00e4ngematte&#8220;, ermunterte uns andererseits zugleich &#8222;aber auch nicht das gro\u00dfe Schrecken &#8211; Referendariat ist das, was Sie daraus machen!&#8220;<\/p>\n<p>Was dann folgte, war viel Formalismus. Wir wurden zwar nicht vereidigt, mussten aber dennoch alle einzeln Verschwiegenheitserkl\u00e4rungen ausf\u00fcllen und uns zur demokratischen Grundordnung bekennen, was einige Zeit dauerte. Dann aber war es soweit &#8211; wir bekamen unsere Ernennungsurkunden ausgeh\u00e4ndigt und einen Referendarausweis, der es uns erlaubt, vorbei an den Schlangen vor der Sicherheitskontrolle an den Eing\u00e4ngen der Justizgeb\u00e4ude auf kurzem Weg ins Haus zu kommen!<\/p>\n<p>Direkt im Anschluss begannen dann die Einf\u00fchrungsarbeitsgemeinschaften und wir lernten unseren ersten AG-Leiter kennen. Was soll ich sagen &#8211; wir haben Gl\u00fcck gehabt! Wir haben einen sehr sympathischen Richter, der uns zwar mit viel Stoff und vielen Hausaufgaben sehr fordert, aber auch mit Anekdoten und humorvollen Anmerkungen eine sehr angenehme Atmosph\u00e4re schafft.<\/p>\n","protected":false},"excerpt":{"rendered":"<p>Vorfreudig, aber doch auch etwas verunsichert hatte ich dem ersten Tag des Referendariats entgegen gesehen &#8211; was genau wird passieren am 1. Tag? Wie sind wohl die Mitreferendare und die Ausbilder? Und nicht zuletzt, was soll ich anziehen? Doch schon war es soweit &#8211; nachdem ich direkt nach Ankunft am Hauptbahnhof diverse Sch\u00f6nfeldertaschen ersp\u00e4hte, musste [&hellip;]<\/p>\n","protected":false},"author":44,"featured_media":0,"comment_status":"open","ping_status":"open","sticky":false,"template":"","format":"standard","meta":{"footnotes":""},"categories":[119,8],"tags":[976,473,734],"class_list":["post-6693","post","type-post","status-publish","format-standard","hentry","category-hessen","category-zivilrechtsstation","tag-dienstantritt","tag-erster-tag","tag-vorbereitungsdienst"],"_links":{"self":[{"href":"https:\/\/www.juristenkoffer.de\/refblog\/wp-json\/wp\/v2\/posts\/6693","targetHints":{"allow":["GET"]}}],"collection":[{"href":"https:\/\/www.juristenkoffer.de\/refblog\/wp-json\/wp\/v2\/posts"}],"about":[{"href":"https:\/\/www.juristenkoffer.de\/refblog\/wp-json\/wp\/v2\/types\/post"}],"author":[{"embeddable":true,"href":"https:\/\/www.juristenkoffer.de\/refblog\/wp-json\/wp\/v2\/users\/44"}],"replies":[{"embeddable":true,"href":"https:\/\/www.juristenkoffer.de\/refblog\/wp-json\/wp\/v2\/comments?post=6693"}],"version-history":[{"count":5,"href":"https:\/\/www.juristenkoffer.de\/refblog\/wp-json\/wp\/v2\/posts\/6693\/revisions"}],"predecessor-version":[{"id":6771,"href":"https:\/\/www.juristenkoffer.de\/refblog\/wp-json\/wp\/v2\/posts\/6693\/revisions\/6771"}],"wp:attachment":[{"href":"https:\/\/www.juristenkoffer.de\/refblog\/wp-json\/wp\/v2\/media?parent=6693"}],"wp:term":[{"taxonomy":"category","embeddable":true,"href":"https:\/\/www.juristenkoffer.de\/refblog\/wp-json\/wp\/v2\/categories?post=6693"},{"taxonomy":"post_tag","embeddable":true,"href":"https:\/\/www.juristenkoffer.de\/refblog\/wp-json\/wp\/v2\/tags?post=6693"}],"curies":[{"name":"wp","href":"https:\/\/api.w.org\/{rel}","templated":true}]}}