{"id":6468,"date":"2012-09-27T07:46:15","date_gmt":"2012-09-27T05:46:15","guid":{"rendered":"http:\/\/www.juristenkoffer.de\/refblog\/?p=6468"},"modified":"2012-09-27T12:12:55","modified_gmt":"2012-09-27T10:12:55","slug":"restplaetze-zum-november-2012","status":"publish","type":"post","link":"https:\/\/www.juristenkoffer.de\/refblog\/vor-dem-referendariat\/restplaetze-zum-november-2012\/","title":{"rendered":"Restpl\u00e4tze zum November 2012"},"content":{"rendered":"<p><img loading=\"lazy\" decoding=\"async\" class=\"alignleft size-full wp-image-6469\" title=\"\" src=\"https:\/\/www.juristenkoffer.de\/refblog\/wp-content\/uploads\/2012\/09\/00438570.jpg\" alt=\"\" width=\"150\" height=\"150\" \/>K\u00f6nnen Pl\u00e4tze an den Landgerichten nicht besetzt werden oder treten eigentlich vorgesehene Referendare ihren zugewiesenen Referendarplatz nicht an, dann werden diese Pl\u00e4tze &#8211; zumindest von den drei Oberlandesgerichten in Nordrhein-Westfalen &#8211; auf der Internetseite f\u00fcr Interessierte angeboten. Das OLG Hamm bietet so f\u00fcr Referendare, die flexibel sind und kurzfristig ihren Vorbereitungsdienst antreten m\u00f6chten, Restpl\u00e4tze zum 01.11.2012 an den LGs Bochum und Essen an.<!--more--><\/p>\n<p>Wer Interesse an einem dieser Restpl\u00e4tze hat, soll sich vorab telefonisch\u00a0mit der\u00a0zust\u00e4ndigen Referendarabteilung unter der Rufnummer 02381\/272-4314 (Herr Rolfes) oder -4311 (Frau Porath) in Verbindung setzen.<!--UdmComment--><!--\/UdmComment--><!--UdmComment--><\/p>\n","protected":false},"excerpt":{"rendered":"<p>K\u00f6nnen Pl\u00e4tze an den Landgerichten nicht besetzt werden oder treten eigentlich vorgesehene Referendare ihren zugewiesenen Referendarplatz nicht an, dann werden diese Pl\u00e4tze &#8211; zumindest von den drei Oberlandesgerichten in Nordrhein-Westfalen &#8211; auf der Internetseite f\u00fcr Interessierte angeboten. Das OLG Hamm bietet so f\u00fcr Referendare, die flexibel sind und kurzfristig ihren Vorbereitungsdienst antreten m\u00f6chten, Restpl\u00e4tze zum [&hellip;]<\/p>\n","protected":false},"author":2,"featured_media":0,"comment_status":"open","ping_status":"open","sticky":false,"template":"","format":"standard","meta":{"footnotes":""},"categories":[41,6],"tags":[540,1179,18],"class_list":["post-6468","post","type-post","status-publish","format-standard","hentry","category-nrw","category-vor-dem-referendariat","tag-lg-bochum","tag-lg-essen","tag-restplatze"],"_links":{"self":[{"href":"https:\/\/www.juristenkoffer.de\/refblog\/wp-json\/wp\/v2\/posts\/6468","targetHints":{"allow":["GET"]}}],"collection":[{"href":"https:\/\/www.juristenkoffer.de\/refblog\/wp-json\/wp\/v2\/posts"}],"about":[{"href":"https:\/\/www.juristenkoffer.de\/refblog\/wp-json\/wp\/v2\/types\/post"}],"author":[{"embeddable":true,"href":"https:\/\/www.juristenkoffer.de\/refblog\/wp-json\/wp\/v2\/users\/2"}],"replies":[{"embeddable":true,"href":"https:\/\/www.juristenkoffer.de\/refblog\/wp-json\/wp\/v2\/comments?post=6468"}],"version-history":[{"count":5,"href":"https:\/\/www.juristenkoffer.de\/refblog\/wp-json\/wp\/v2\/posts\/6468\/revisions"}],"predecessor-version":[{"id":6521,"href":"https:\/\/www.juristenkoffer.de\/refblog\/wp-json\/wp\/v2\/posts\/6468\/revisions\/6521"}],"wp:attachment":[{"href":"https:\/\/www.juristenkoffer.de\/refblog\/wp-json\/wp\/v2\/media?parent=6468"}],"wp:term":[{"taxonomy":"category","embeddable":true,"href":"https:\/\/www.juristenkoffer.de\/refblog\/wp-json\/wp\/v2\/categories?post=6468"},{"taxonomy":"post_tag","embeddable":true,"href":"https:\/\/www.juristenkoffer.de\/refblog\/wp-json\/wp\/v2\/tags?post=6468"}],"curies":[{"name":"wp","href":"https:\/\/api.w.org\/{rel}","templated":true}]}}