{"id":6391,"date":"2012-09-07T08:21:16","date_gmt":"2012-09-07T06:21:16","guid":{"rendered":"http:\/\/www.juristenkoffer.de\/refblog\/?p=6391"},"modified":"2012-09-05T17:44:34","modified_gmt":"2012-09-05T15:44:34","slug":"sitzungsdienst","status":"publish","type":"post","link":"https:\/\/www.juristenkoffer.de\/refblog\/strafrechtsstation\/sitzungsdienst\/","title":{"rendered":"Das erste Mal Sitzungsdienst"},"content":{"rendered":"<p><img loading=\"lazy\" decoding=\"async\" class=\"alignleft size-full wp-image-6404\" title=\"\" src=\"https:\/\/www.juristenkoffer.de\/refblog\/wp-content\/uploads\/2012\/09\/MP900305894.jpg\" alt=\"\" width=\"150\" height=\"150\" \/>Kaum hatte ich meinen letzten Beitrag abgeschickt, da erhielt ich am darauffolgenden Tag schon die Mitteilung, dass ich f\u00fcr den Sitzungsdienst eingeteilt wurde. \ud83d\ude00<\/p>\n<p>Ich bekam also die Handakten und sollte mir Gedanken \u00fcber die Strafzumessung\/-h\u00f6he machen\u2026das geht recht flott. Gro\u00dfartige Infos, die ich schon werten k\u00f6nnte, sind au\u00dfer der Anklage und BZR-Ausdruck meist eh nicht in der Handakte.<!--more-->\u00a0Von daher konnte ich als strafsch\u00e4rfend auch nur bewerten, dass schon mehrere Eintragungen im BZR vorhanden sind. Meine \u00dcberlegungen zum Strafma\u00df sprach ich dann mit meinem Ausbilder ab, wir \u00fcberlegten in einer Sache noch wegen einer Gesamtstrafenbildung etwas hin und her aber am Ende wurde das ganze dann auch abgesegnet.<\/p>\n<p>So hie\u00df es dann ein paar Tage sp\u00e4ter: Mittendrin statt nur dabei. \ud83d\ude09<\/p>\n<p>Aufgeregt war ich komischerweise gar nicht. Weder die Tage davor, noch als es dann wirklich losging. Ich hatte irgendwie immer den Gedanken \u201ewas soll schon gro\u00df passieren? Die Anklage liest du eh nur ab und im Pl\u00e4doyer \u2013 selbst wenn ich da etwas \u201efalsch\u201c werten sollte \u2013 ist es auch nicht so tragisch, immerhin f\u00e4llt am Ende der Richter das Urteil.\u201c Und diese Entspanntheit blieb auch die ganze Zeit (als ich in der 1. Zivilstation eine Verhandlung bei meinem Richter geleitet habe war ich irre nerv\u00f6s, aber hier beim Sitzungsdienst: null\u2026gibt aber sicher schlimmeres \ud83d\ude09 ).<\/p>\n<p>Am Tag X hie\u00df es dann: Handakten, Schreibmaterial, Taschenrechner (ganz wichtig um die Tagessatzh\u00f6he anhand des Einkommens ausrechnen zu k\u00f6nnen), noch was zu essen und trinken und \u2013 ganz ganz wichtig \u2013 Robe!!! einpacken. Um 9h gingen die Verhandlungen los und ich musste ziemlich fr\u00fch aufstehen und losfahren, um p\u00fcnktlich am Amtsgericht zu sein. Es standen mehrere Verhandlungen an, ein Termin mittendrin wurde jedoch aufgehoben. Die Richterin war sehr nett was den Umgang mit mir anging (ein Kollege aus der AG war die Woche zuvor schon dort und berichtete schon positiv \ud83d\ude00 ). Mein Ausbilder hat sich das ganze angeguckt und war zufrieden. Eingemischt hat er sich gar nicht (au\u00dfer bei einer Einstellung\u2026wir m\u00fcssen dann ja zun\u00e4chst R\u00fccksprache halten, das Telefonieren entfiel dann halt, weil er direkt vor Ort zugestimmt hat).<\/p>\n<p>Kommende Woche ziehe ich nun alleine los und hab daf\u00fcr auch schon die Handakten erhalten (die erste Verhandlung beginnt um 9h, die letzte beginnt um 14h\u2026das wird ein langer Tag, besonders mit dem Fahrtweg und weil ich die Handakten mit den Vermerken direkt am selben Tag noch bei der Staatsanwaltschaft wieder abgeben will (wir m\u00fcssen sie am besten direkt noch am Sitzungstag, sp\u00e4testens aber den Tag darauf wieder bei der Staatsanwaltschaft mit unseren Vermerken abgeben\u2026aber den Tag darauf m\u00f6chte ich nicht extra deswegen zur StA fahren m\u00fcssen). Der Tag wird also bestimmt ganz sch\u00f6n schlauchen.<\/p>\n<p>Zum Sitzungsdienst selbst\u2026hmm\u2026was soll ich gro\u00df sagen\u2026es ist ok, aber es ist nun auch nicht das non-plus-ultra f\u00fcr mich und ich bin nicht total begeistert davon. Mal gucken wie es die kommenden Male wird.<\/p>\n<p>Abgesehen vom Sitzungsdienst l\u00e4uft die AG nach wie vor gut. Demn\u00e4chst schreiben wir dort auch die erste Klausur. So wirklich habe ich mich mit dem prozessualen Teil noch nicht auseinandergesetzt *sollte ich vielleicht mal langsam tun*. Aufgrund meiner Akten vom Ausbilder habe ich es aber zum einen zeitlich noch nicht geschafft und zum anderen versp\u00fcre ich teilweise auch chronische Unlust was das Strafrecht betrifft. \ud83d\ude00 Ich bin aktuell gerade wieder in ein totales Motivationstief gefallen, irgendwie macht mir die Station nicht sonderlich Spa\u00df\u2026.weder der Sitzungsdienst, noch die Akten die ich zur Bearbeitung von meinem Ausbilder bekomme und totale Nebengebiete sind, d.h. mir f\u00fcr das Examen auch nichts bringen. Aber vielleicht \u2013 bzw. hoffentlich \u2013 gibt sich das auch bald wieder\u2026und: es kann ja nicht immer heiter Sonnenschein sein (ich hab aber geh\u00f6rt &#8211;\u00a0zumindest vom Wetter her &#8211; soll der sich dieses Wochenende nochmal blicken lassen). \ud83d\ude09<\/p>\n<p>Liebe Gr\u00fc\u00dfe,<\/p>\n<p>Emily*<\/p>\n","protected":false},"excerpt":{"rendered":"<p>Kaum hatte ich meinen letzten Beitrag abgeschickt, da erhielt ich am darauffolgenden Tag schon die Mitteilung, dass ich f\u00fcr den Sitzungsdienst eingeteilt wurde. \ud83d\ude00 Ich bekam also die Handakten und sollte mir Gedanken \u00fcber die Strafzumessung\/-h\u00f6he machen\u2026das geht recht flott. Gro\u00dfartige Infos, die ich schon werten k\u00f6nnte, sind au\u00dfer der Anklage und BZR-Ausdruck meist eh [&hellip;]<\/p>\n","protected":false},"author":43,"featured_media":0,"comment_status":"open","ping_status":"open","sticky":false,"template":"","format":"standard","meta":{"footnotes":""},"categories":[42,4],"tags":[],"class_list":["post-6391","post","type-post","status-publish","format-standard","hentry","category-niedersachsen","category-strafrechtsstation"],"_links":{"self":[{"href":"https:\/\/www.juristenkoffer.de\/refblog\/wp-json\/wp\/v2\/posts\/6391","targetHints":{"allow":["GET"]}}],"collection":[{"href":"https:\/\/www.juristenkoffer.de\/refblog\/wp-json\/wp\/v2\/posts"}],"about":[{"href":"https:\/\/www.juristenkoffer.de\/refblog\/wp-json\/wp\/v2\/types\/post"}],"author":[{"embeddable":true,"href":"https:\/\/www.juristenkoffer.de\/refblog\/wp-json\/wp\/v2\/users\/43"}],"replies":[{"embeddable":true,"href":"https:\/\/www.juristenkoffer.de\/refblog\/wp-json\/wp\/v2\/comments?post=6391"}],"version-history":[{"count":6,"href":"https:\/\/www.juristenkoffer.de\/refblog\/wp-json\/wp\/v2\/posts\/6391\/revisions"}],"predecessor-version":[{"id":6395,"href":"https:\/\/www.juristenkoffer.de\/refblog\/wp-json\/wp\/v2\/posts\/6391\/revisions\/6395"}],"wp:attachment":[{"href":"https:\/\/www.juristenkoffer.de\/refblog\/wp-json\/wp\/v2\/media?parent=6391"}],"wp:term":[{"taxonomy":"category","embeddable":true,"href":"https:\/\/www.juristenkoffer.de\/refblog\/wp-json\/wp\/v2\/categories?post=6391"},{"taxonomy":"post_tag","embeddable":true,"href":"https:\/\/www.juristenkoffer.de\/refblog\/wp-json\/wp\/v2\/tags?post=6391"}],"curies":[{"name":"wp","href":"https:\/\/api.w.org\/{rel}","templated":true}]}}