{"id":6304,"date":"2012-08-21T10:38:57","date_gmt":"2012-08-21T08:38:57","guid":{"rendered":"http:\/\/www.juristenkoffer.de\/refblog\/?p=6304"},"modified":"2016-03-04T19:48:40","modified_gmt":"2016-03-04T17:48:40","slug":"kriminalgericht-moabit-tag-der-offenen-tuer","status":"publish","type":"post","link":"https:\/\/www.juristenkoffer.de\/refblog\/strafrechtsstation\/kriminalgericht-moabit-tag-der-offenen-tuer\/","title":{"rendered":"Kriminalgericht Moabit: Tag der offenen T\u00fcr"},"content":{"rendered":"<p><img loading=\"lazy\" decoding=\"async\" class=\"alignleft size-full wp-image-6305\" title=\"kriminalgericht\" alt=\"\" src=\"https:\/\/www.juristenkoffer.de\/refblog\/wp-content\/uploads\/2012\/08\/kgm.jpeg\" width=\"150\" height=\"150\" \/>Am Sonnabend, den 1. September 2012 von 10.00 bis 16.00 Uhr l\u00e4dt das Kriminalgericht Moabit in die Turmstra\u00dfe 91, 10559 Berlin zum Tag der offenen T\u00fcr ein.\u00a0 Es sind Hausf\u00fchrungen durch Mitarbeiter des Kriminalgerichts, Vorf\u00fchrungen von Wachtmeistern, Lesungen und verschiedene Ausstellungen angek\u00fcndigt. Auch historische Polizeifahrzeuge k\u00f6nne in Augenschein genommen werden. Also sollte man sich diese Gelegenheit auf keinen Fall entgehen lassen.<!--more--><\/p>\n<p>Das Kriminalgericht blickt auf eine spannende Historie zur\u00fcck: Von 1902 bis 1906 wurde der erste Geb\u00e4udekomplex errichtet. Zu den bekanntesten im Kriminalgericht Moabit verhandelten F\u00e4llen geh\u00f6ren der des Hauptmanns von K\u00f6penick und der Prozess gegen Mitglieder des Zentralkomitees der SED, insbesondere Erich Honecker.<\/p>\n<p>Im Keller werden auf 2500\u00a0Quadratmetern in 30 R\u00e4umen die Asservate verwahrt &#8211; vielleicht kann man ja auch einen Blick hierauf werfen, ist sicher nicht uninteressant!<\/p>\n<p>Viele weitere interessante Veranstaltungstipps findest Du beim Stationsradar &#8211; dem <a href=\"http:\/\/www.stationsradar.de\">Portal f\u00fcr Stationsangebote, Nebenjobs und Veranstaltungen f\u00fcr Referendare<\/a>!<\/p>\n","protected":false},"excerpt":{"rendered":"<p>Am Sonnabend, den 1. September 2012 von 10.00 bis 16.00 Uhr l\u00e4dt das Kriminalgericht Moabit in die Turmstra\u00dfe 91, 10559 Berlin zum Tag der offenen T\u00fcr ein.\u00a0 Es sind Hausf\u00fchrungen durch Mitarbeiter des Kriminalgerichts, Vorf\u00fchrungen von Wachtmeistern, Lesungen und verschiedene Ausstellungen angek\u00fcndigt. Auch historische Polizeifahrzeuge k\u00f6nne in Augenschein genommen werden. Also sollte man sich diese [&hellip;]<\/p>\n","protected":false},"author":3,"featured_media":0,"comment_status":"open","ping_status":"open","sticky":false,"template":"","format":"standard","meta":{"footnotes":""},"categories":[117,948,4],"tags":[1162,1163,1164],"class_list":["post-6304","post","type-post","status-publish","format-standard","hentry","category-berlin","category-stationsangebote-veranstaltungen","category-strafrechtsstation","tag-kriminalgericht","tag-moabit","tag-tag-der-offenen-tuer"],"_links":{"self":[{"href":"https:\/\/www.juristenkoffer.de\/refblog\/wp-json\/wp\/v2\/posts\/6304","targetHints":{"allow":["GET"]}}],"collection":[{"href":"https:\/\/www.juristenkoffer.de\/refblog\/wp-json\/wp\/v2\/posts"}],"about":[{"href":"https:\/\/www.juristenkoffer.de\/refblog\/wp-json\/wp\/v2\/types\/post"}],"author":[{"embeddable":true,"href":"https:\/\/www.juristenkoffer.de\/refblog\/wp-json\/wp\/v2\/users\/3"}],"replies":[{"embeddable":true,"href":"https:\/\/www.juristenkoffer.de\/refblog\/wp-json\/wp\/v2\/comments?post=6304"}],"version-history":[{"count":8,"href":"https:\/\/www.juristenkoffer.de\/refblog\/wp-json\/wp\/v2\/posts\/6304\/revisions"}],"predecessor-version":[{"id":10572,"href":"https:\/\/www.juristenkoffer.de\/refblog\/wp-json\/wp\/v2\/posts\/6304\/revisions\/10572"}],"wp:attachment":[{"href":"https:\/\/www.juristenkoffer.de\/refblog\/wp-json\/wp\/v2\/media?parent=6304"}],"wp:term":[{"taxonomy":"category","embeddable":true,"href":"https:\/\/www.juristenkoffer.de\/refblog\/wp-json\/wp\/v2\/categories?post=6304"},{"taxonomy":"post_tag","embeddable":true,"href":"https:\/\/www.juristenkoffer.de\/refblog\/wp-json\/wp\/v2\/tags?post=6304"}],"curies":[{"name":"wp","href":"https:\/\/api.w.org\/{rel}","templated":true}]}}