{"id":6164,"date":"2012-07-22T13:41:33","date_gmt":"2012-07-22T11:41:33","guid":{"rendered":"http:\/\/www.juristenkoffer.de\/refblog\/?p=6164"},"modified":"2012-07-22T13:42:03","modified_gmt":"2012-07-22T11:42:03","slug":"aller-guten-dinge-sind-3","status":"publish","type":"post","link":"https:\/\/www.juristenkoffer.de\/refblog\/zivilrechtsstation\/aller-guten-dinge-sind-3\/","title":{"rendered":"Aller guten Dinge sind 3"},"content":{"rendered":"<p><img loading=\"lazy\" decoding=\"async\" class=\"alignleft size-full wp-image-6182\" title=\"\" src=\"https:\/\/www.juristenkoffer.de\/refblog\/wp-content\/uploads\/2012\/07\/vuvukmoi1.jpg\" alt=\"\" width=\"150\" height=\"130\" \/>&#8230;und damit meine ich nicht die erhoffte Punktzahl\u00a0in Klausuren (dann m\u00fcsste der Spruch\u00a0ja wenn auch &#8222;aller guten Dinge sind 4&#8220; hei\u00dfen ;-)), sondern dass ich endlich wieder etwas Z\u00fcndstoff habe um einen neuen Beitrag zu posten.<\/p>\n<p>Denn es gibt drei thematisch-interessant-neue Ereignisse die seit meinem letzten Beitrag passiert sind. \ud83d\ude42 <!--more--><\/p>\n<p><strong>Arbeitsgemeinschaft<\/strong><\/p>\n<p>Diese Woche\u00a0hatten wir unseren letzten AG-Termin, d.h. die Arbeitsgemeinschaft in der 1. Station ist somit beendet. \ud83d\ude42 Unsere AG-Zeugnisse haben wir auch bekommen. Ich habe ein &#8222;vollbefriedigend&#8220; und bin damit sehr\u00a0zufrieden.\u00a0Was die Notenvergabe angeht: in meiner AG haben nur wenige Referendare ein &#8222;vollbefriedigend&#8220; bekommen, die meisten hatten ein &#8222;befriedigend&#8220; als Endnote (wobei die Punktspanne innerhalb dieser beiden\u00a0Notenbereiche\u00a0ja auch nochmal relativ gro\u00df ist und punktem\u00e4\u00dfig soweit auch fast alles\u00a0vertreten war). Das Zeugnis selbst\u00a0ist 2 Seiten lang. Direkt auf der ersten Seite sind die Einzelnoten der Klausuren, der Proberelationshausarbeit, des Aktenvortrags und eine Note f\u00fcr die m\u00fcndliche Beteiligung aufgelistet. Danach folgt eine Beurteilung im Flie\u00dftext im Zusammenhang wie die juristischen Kenntnisse des Referendars waren, seine Mitarbeit in der AG\u00a0etc. und am Ende des Zeugnisses steht dann die Gesamtnote (die\u00a0mein AG-Leiter\u00a0aus dem Durchschnitt der o.g. Einzelnoten errechnet hat). Im Anschluss an den letzten AG-Tag waren wir mit dem AG-Leiter noch eine Kleinigkeit essen, was die 5-monatige Arbeitsgemeinschaft in der 1. Station\u00a0auf nette Art und Weise beendet hat. \ud83d\ude42 So schnell kann es auf einmal gehen&#8230;es kommt mir gerade sehr unwirklich vor, dass die erste Station wirklich schon\u00a0vorbei ist. Ich muss\u00a0bis Ende Juli zwar noch ein paar Mal zum Gericht, aber dann nur noch zu meinem Ausbilder und nicht mehr wegen der Arbeitsgemeinschaft.<\/p>\n<p>Ein\u00a0Zeugnis von meinem Ausbilder bekomme ich nat\u00fcrlich auch noch, das dauert aber noch ein wenig. Ich denke, dass ich das Zeugnis Anfang August bekommen werde&#8230;die Station l\u00e4uft ja offiziell auch noch bis zum 31.7 und bis dahin stehen auch noch\u00a0ein paar\u00a0Termine bei meinem Ausbilder an. Ich bin auch noch weiterhin mit der Aktenbearbeitung zugange (bis zum bitteren Ende wie man so sch\u00f6n sagt ;-)). Ich habe jetzt noch eine Akte zu kommender Woche \u00fcber die ich einen Aktenvortrag vor der Kammer halten\u00a0werde und bekomme f\u00fcr die Woche darauf dann wohl noch eine allerletzte Akte mit, aber da wollte mein Ausbilder\u00a0noch gucken, dass die letzte Akte auch eine &#8222;sch\u00f6ne&#8220; Akte wird&#8230;was auch immer das bedeutet. \ud83d\ude09 Aber er f\u00fcgte dem Satz direkt noch hinzu, dass er mich zum Ende der Station und\u00a0in der letzten Juliwoche\u00a0nun nicht mehr sonderlich qu\u00e4len will. \ud83d\ude42<\/p>\n<p>Was die n\u00e4chste Station, die Staatsanwaltschaft, angeht, so wei\u00df ich noch nicht, wer mein Ausbilder oder AG-Leiter sein wird. Ich denke, dass wird &#8211; wie auch jetzt in der 1. Station &#8211; zu Beginn der Station bekannt gegeben, reicht zeitlich ja auch v\u00f6llig aus.\u00a0Da ich sowieso niemanden bei der Staatsanwaltschaft kenne,\u00a0w\u00e4re das jetzt eh nur ein blo\u00dfer Name f\u00fcr mich dem ich eh kein Gesicht zuordnen k\u00f6nnte (und Namen sind ja bekanntlich eh nur Schall und Rauch \ud83d\ude09 ).<\/p>\n<p><strong>Aktenvortrag vor der Kammer<br \/>\n<\/strong>Vor kurzem habe ich einen Aktenvortrag vor der Kammer gehalten. Das ganze lief so ab, dass ich die Akte mit nach Hause bekam und sie dort &#8211; wie sonst auch &#8211; bearbeitet habe. Ich konnte aber, da das Verfahren noch l\u00e4uft und zum kurz darauf stattfindenen Termin auch ein Sachverst\u00e4ndige geladen wurde um sein schriftliches Gutachten zu erl\u00e4utern, keine weiteren Vermutungen\/Vorschl\u00e4ge o.\u00e4. unterbreiten was die Entscheidung angeht. Also habe ich die Sach- und Rechtslage, ausgehend vom bisherigen Stand und was das schriftliche Gutachten soweit hergibt, dargestellt und gepr\u00fcft und bin dann insbesondere auf die Stellen eingegangen, bei denen ich meine, dass man den Sachverst\u00e4ndigen dazu nochmal genauer befragen sollte weil diesbez\u00fcglich noch Unklarheiten bestehen. Der Vortrag lief in angenehmer Atmosph\u00e4re ab, die beiden Richter aus der Kammer sind sehr nett und locker und insgesamt habe ich mich auch sehr wohl in der Situation gef\u00fchlt. Ich muss nur darauf achten, dass ich &#8211; was mir passiert ist,\u00a0gerade weil ich die Akte schon so gut kannte &#8211; nicht zu schnell rede und das ganze nur so herunterratter. Ich habe auch selbst gemerkt, dass es etwas hinderlich ist, wenn ich die Bearbeitung ausformuliert vor mir liegen habe, da\u00a0man dann doch dazu neigt, S\u00e4tze eher abzulesen weil sie schon in einem Satz auf dem Papier stehen. Ich habe mir dar\u00fcber vorher gar keine Gedanken gemacht. Zus\u00e4tzlich zum Vortrag sollte ich ja auch ein schriftliches Votum an meinen Ausbilder abgeben und beim Vortrag selbst hatte ich dann dieses schriftliche ausformulierte\u00a0Votum auch vor mir liegen und ich neigte\u00a0dann doch dazu, insbesondere bei der Sachverhaltsschilderung, S\u00e4tze aus dem Votum\u00a0direkt abzulesen, als sie noch eigenst\u00e4ndig zu formulieren.\u00a0Ich werde mir f\u00fcr meinen kommenden Aktenvortrag nun lediglich Stichpunkte machen und das vollst\u00e4ndig ausformulierte\u00a0schriftliche Votum gar nicht f\u00fcr den Vortrag vor mich hinlegen, dann trage ich glaube ich insgesamt noch freier vor. Aber\u00a0insgesamt lief es m.E. sehr gut, ich war jedenfalls zufrieden. \ud83d\ude42<\/p>\n<p><strong>Wenn ein Referendar die Verhandlung leitet&#8230;<\/strong><\/p>\n<p>&#8230;kann das nat\u00fcrlich mehr oder weniger\u00a0in die Hose gehen, insbesondere wenn man Anw\u00e4lte in der Verhandlung sitzen hat, die sowieso nicht sehr begeistert davon sind dass nun ein Referendar die Verhandlung leiten wird\u00a0(und sich das ganze dann auch ein paar Min\u00fctchen l\u00e4nger hinziehen kann als wenn der Richter selbst die Verhandlung leitet&#8230;). Das war bei mir aber zum Gl\u00fcck nicht der Fall, es lief alles glatt. Die Anw\u00e4lte waren gut drauf und ich war auch sehr entspannt und locker &#8211; jedenfalls bis es soweit war. Den Morgen \u00fcber waren schon mehrere Verhandlungen und ich war zun\u00e4chst auch gar nicht aufgeregt&#8230;eher etwas gepl\u00e4ttet, da es manchmal schon sehr anstrengen kann \u00fcber mehrere Stunden bei Verhandlungen zuzuh\u00f6ren. Wobei den Tag wirklich fast nur interessante Sachen dabei waren. Als es dann aber\u00a0soweit war und &#8222;meine&#8220; Verhandlung anstand, wurde ich doch\u00a0etwas nerv\u00f6s&#8230;nichtmal im Hinblick darauf, dass ich nun vor Leuten reden soll, sondern weil ich auf gar keinen Fall irgendetwas wichtiges vergessen wollte (da h\u00e4tte mein Richter dann zwar schon eingegriffen und das korrigiert und insgesamt waren die Anw\u00e4lte auch positiv drauf eingestellt, dass eine Referendarin nun die Verhandlung leiten wird, aber man wei\u00df ja nie&#8230;ich wollte mir jedenfalls nicht die Bl\u00f6\u00dfe geben und irgendetwas total grundlegendes vergessen, wie z.B. festzustellen wer f\u00fcr die Parteien da ist und welche Antr\u00e4ge aus welchem Schriftsatz gestellt werden o.\u00e4.). Die Verhandlung selbst lief dann recht\u00a0gut vonstatten und (grobe) Pannen blieben aus. Mit der Zeit w\u00fcrde ich da sicherlich noch\u00a0lockerer werden (mit der Zeit verinnerlicht man den Ablauf ja auch viel besser und spult die grundlegenden Dinge automatisch ab), aber so f\u00fcr&#8217;s erste Mal fand ich es schon ne tolle Erfahrung und es hat auch Spa\u00df gemacht einmal selbst das Zepter zu schwingen. \ud83d\ude09 An sich\u00a0hatte mein Ausbilder zun\u00e4chst\u00a0angedacht, dass ich als letzte abschlie\u00dfende Aufgabe\u00a0in der letzten Juliwoche das Urteil zu dieser Sache, wo ich nun gerade die Verhandlung geleitet habe, schreiben soll&#8230;.da die Anw\u00e4ltin die Klage in der m\u00fcndlichen Verhandlung dann aber zur\u00fcckgenommen hat\u00a0er\u00fcbrigt sich\u00a0ein Urteil\u00a0ja nunmehr. Also wie gesagt:\u00a0mal sehen was mein Ausbilder noch sch\u00f6nes in den Aktenbergen zum Abschluss f\u00fcr mich findet. \ud83d\ude42<\/p>\n<p>Soweit meine Highlights der letzten Zeit. Gerade im letzten Monat der 1. Station war f\u00fcr mich somit nochmal ein echtes Schmankerl mit der Leitung der m\u00fcndlichen Verhandlung und Aktenvortr\u00e4ge vor der Kammer dabei. Soweit ich das \u00fcberblicken konnte, wurde aus meiner Arbeitsgemeinschaft auch jedem Referendarf die M\u00f6glichkeit gegeben mal eine Verhandlung zu leiten (egal ob Amts- oder Landgericht). Bei Bekannten an anderen Gerichten sieht das teilweise ganz anders aus. Aber das h\u00e4ngt nat\u00fcrlich auch immer stark vom Ausbilder ab.<\/p>\n<p>Ich sch\u00e4tze mal, dass dies mein vorletzter Beitrag aus der\u00a01. Station\u00a0gewesen sein wird. Ein abschlie\u00dfender Post aus der Zivilgerichtsstation wird sicherlich noch folgen, zumal das Zeugnis von meinem Ausbilder ja auch noch aussteht und ich noch 2 Akten in dieser Station bearbeite&#8230;das Ende ist also schon greifbar, aber ein kleiner H\u00fcrdensprung ist doch noch notwendig. \ud83d\ude09<\/p>\n<p>Ich w\u00fcnsche euch noch ein sch\u00f6nes Wochenende. \ud83d\ude42<\/p>\n<p>Emily*<\/p>\n<p>&nbsp;<\/p>\n","protected":false},"excerpt":{"rendered":"<p>&#8230;und damit meine ich nicht die erhoffte Punktzahl\u00a0in Klausuren (dann m\u00fcsste der Spruch\u00a0ja wenn auch &#8222;aller guten Dinge sind 4&#8220; hei\u00dfen ;-)), sondern dass ich endlich wieder etwas Z\u00fcndstoff habe um einen neuen Beitrag zu posten. Denn es gibt drei thematisch-interessant-neue Ereignisse die seit meinem letzten Beitrag passiert sind. \ud83d\ude42<\/p>\n","protected":false},"author":43,"featured_media":0,"comment_status":"open","ping_status":"open","sticky":false,"template":"","format":"standard","meta":{"footnotes":""},"categories":[42,8],"tags":[],"class_list":["post-6164","post","type-post","status-publish","format-standard","hentry","category-niedersachsen","category-zivilrechtsstation"],"_links":{"self":[{"href":"https:\/\/www.juristenkoffer.de\/refblog\/wp-json\/wp\/v2\/posts\/6164","targetHints":{"allow":["GET"]}}],"collection":[{"href":"https:\/\/www.juristenkoffer.de\/refblog\/wp-json\/wp\/v2\/posts"}],"about":[{"href":"https:\/\/www.juristenkoffer.de\/refblog\/wp-json\/wp\/v2\/types\/post"}],"author":[{"embeddable":true,"href":"https:\/\/www.juristenkoffer.de\/refblog\/wp-json\/wp\/v2\/users\/43"}],"replies":[{"embeddable":true,"href":"https:\/\/www.juristenkoffer.de\/refblog\/wp-json\/wp\/v2\/comments?post=6164"}],"version-history":[{"count":14,"href":"https:\/\/www.juristenkoffer.de\/refblog\/wp-json\/wp\/v2\/posts\/6164\/revisions"}],"predecessor-version":[{"id":6166,"href":"https:\/\/www.juristenkoffer.de\/refblog\/wp-json\/wp\/v2\/posts\/6164\/revisions\/6166"}],"wp:attachment":[{"href":"https:\/\/www.juristenkoffer.de\/refblog\/wp-json\/wp\/v2\/media?parent=6164"}],"wp:term":[{"taxonomy":"category","embeddable":true,"href":"https:\/\/www.juristenkoffer.de\/refblog\/wp-json\/wp\/v2\/categories?post=6164"},{"taxonomy":"post_tag","embeddable":true,"href":"https:\/\/www.juristenkoffer.de\/refblog\/wp-json\/wp\/v2\/tags?post=6164"}],"curies":[{"name":"wp","href":"https:\/\/api.w.org\/{rel}","templated":true}]}}