{"id":6137,"date":"2012-07-13T17:16:45","date_gmt":"2012-07-13T15:16:45","guid":{"rendered":"http:\/\/www.juristenkoffer.de\/refblog\/?p=6137"},"modified":"2012-07-13T17:16:45","modified_gmt":"2012-07-13T15:16:45","slug":"aenderung-des-bewerbungsverfahrens-im-olg-bezirk-koeln","status":"publish","type":"post","link":"https:\/\/www.juristenkoffer.de\/refblog\/vor-dem-referendariat\/aenderung-des-bewerbungsverfahrens-im-olg-bezirk-koeln\/","title":{"rendered":"\u00c4nderung des Bewerbungsverfahrens im OLG-Bezirk K\u00f6ln"},"content":{"rendered":"<p><img loading=\"lazy\" decoding=\"async\" class=\"alignleft size-full wp-image-6138\" title=\"\" src=\"https:\/\/www.juristenkoffer.de\/refblog\/wp-content\/uploads\/2012\/07\/MP900444333.jpg\" alt=\"\" width=\"150\" height=\"150\" \/>Bewerber um einen Referendarplatz an den Landgerichten K\u00f6ln, Bonn und Aachen m\u00fcssen zuk\u00fcnftig noch etwas flexibler sein. Das OLG K\u00f6ln hat auf seiner Internetseite eine \u00c4nderung im Bewerbungsverfahren bekannt gegeben. Ab dem 01.09. diesen Jahres werden Angebote nicht mehr wie bisher drei Monate vor dem Einstellungstermin, sondern zwei Monate vor dem Einstellungstermin versandt. Bewerber erfahren nun also noch kurzfristiger, ob sie einen Referendarplatz erhalten. <!--more-->Auch das Nachr\u00fcckverfahren bzw. die Ausschreibung von Restpl\u00e4tzen d\u00fcfte aus diesem Grund noch kurzfristiger werden.<\/p>\n<p>Auf unserer \u00dcbersichtsseite findest Du alle weiteren <a href=\"https:\/\/www.juristenkoffer.de\/rechtsreferendariat\/nordrhein-westfalen\/\">Informationen zum Rechtsreferendariat in NRW<\/a> im allgemeinen und zum Bewerbungsverfahren im speziellen.<\/p>\n","protected":false},"excerpt":{"rendered":"<p>Bewerber um einen Referendarplatz an den Landgerichten K\u00f6ln, Bonn und Aachen m\u00fcssen zuk\u00fcnftig noch etwas flexibler sein. Das OLG K\u00f6ln hat auf seiner Internetseite eine \u00c4nderung im Bewerbungsverfahren bekannt gegeben. Ab dem 01.09. diesen Jahres werden Angebote nicht mehr wie bisher drei Monate vor dem Einstellungstermin, sondern zwei Monate vor dem Einstellungstermin versandt. Bewerber erfahren [&hellip;]<\/p>\n","protected":false},"author":2,"featured_media":0,"comment_status":"open","ping_status":"open","sticky":false,"template":"","format":"standard","meta":{"footnotes":""},"categories":[41,6],"tags":[657,1151,337],"class_list":["post-6137","post","type-post","status-publish","format-standard","hentry","category-nrw","category-vor-dem-referendariat","tag-bewerbungsverfahren","tag-fristen","tag-olg-koeln"],"_links":{"self":[{"href":"https:\/\/www.juristenkoffer.de\/refblog\/wp-json\/wp\/v2\/posts\/6137","targetHints":{"allow":["GET"]}}],"collection":[{"href":"https:\/\/www.juristenkoffer.de\/refblog\/wp-json\/wp\/v2\/posts"}],"about":[{"href":"https:\/\/www.juristenkoffer.de\/refblog\/wp-json\/wp\/v2\/types\/post"}],"author":[{"embeddable":true,"href":"https:\/\/www.juristenkoffer.de\/refblog\/wp-json\/wp\/v2\/users\/2"}],"replies":[{"embeddable":true,"href":"https:\/\/www.juristenkoffer.de\/refblog\/wp-json\/wp\/v2\/comments?post=6137"}],"version-history":[{"count":3,"href":"https:\/\/www.juristenkoffer.de\/refblog\/wp-json\/wp\/v2\/posts\/6137\/revisions"}],"predecessor-version":[{"id":6141,"href":"https:\/\/www.juristenkoffer.de\/refblog\/wp-json\/wp\/v2\/posts\/6137\/revisions\/6141"}],"wp:attachment":[{"href":"https:\/\/www.juristenkoffer.de\/refblog\/wp-json\/wp\/v2\/media?parent=6137"}],"wp:term":[{"taxonomy":"category","embeddable":true,"href":"https:\/\/www.juristenkoffer.de\/refblog\/wp-json\/wp\/v2\/categories?post=6137"},{"taxonomy":"post_tag","embeddable":true,"href":"https:\/\/www.juristenkoffer.de\/refblog\/wp-json\/wp\/v2\/tags?post=6137"}],"curies":[{"name":"wp","href":"https:\/\/api.w.org\/{rel}","templated":true}]}}