{"id":6130,"date":"2012-07-16T08:38:35","date_gmt":"2012-07-16T06:38:35","guid":{"rendered":"http:\/\/www.juristenkoffer.de\/refblog\/?p=6130"},"modified":"2012-07-13T17:38:08","modified_gmt":"2012-07-13T15:38:08","slug":"referendariat-in-owl-51-jobsuche-beendet","status":"publish","type":"post","link":"https:\/\/www.juristenkoffer.de\/refblog\/nach-dem-referendariat\/referendariat-in-owl-51-jobsuche-beendet\/","title":{"rendered":"Referendariat in OWL (51) &#8211; Jobsuche beendet"},"content":{"rendered":"<p><img loading=\"lazy\" decoding=\"async\" class=\"alignleft size-full wp-image-6146\" title=\"\" src=\"https:\/\/www.juristenkoffer.de\/refblog\/wp-content\/uploads\/2012\/07\/ubv.jpg\" alt=\"\" width=\"150\" height=\"160\" \/>So nach zwei Jahren und insgesamt 50 Beitr\u00e4gen <strong>verabschiede ich mich nun von der Community auf juristenkoffer<\/strong>. Das Referendariat war insgesamt eine sehr sch\u00f6ne Zeit, mit spannenden Aufgaben, netten Menschen und dem einen oder anderen Jurakram. Genie\u00dft also euer Referendariat in vollen Z\u00fcgen, denn das richtige Arbeiten (&#8222;Praxisschock&#8220;) kommt erst noch.<\/p>\n<p>Mit mir pers\u00f6nlich geht es im Staatsdienst weiter. <!--more-->Ich werde demn\u00e4chst<strong> Staatsanwalt<\/strong> und habe damit meine Wunschanstellung gefunden. Auch viele meiner Kollegen sind als Anw\u00e4lte bzw. Richter untergekommen. Die Jobs im juristischen Bereich gibt es also wirklich. Der fast 8-j\u00e4hrige Ausbildungsmarathon hat sich &#8211; entgegen der \u00fcblichen Bedenkentr\u00e4ger (&#8222;rote Ampel&#8220;) &#8211; am Ende doch ausgezahlt. Lasst euch nicht verr\u00fcckt machen. Trotz mieser Finanzlage bei den L\u00e4ndern, gescheiterten Haushalten etc. geht es doch nicht ohne Juristen wie euch.<\/p>\n<p>Ich dr\u00fccke allen Referendaren\/innen die Daumen, dass es auch mit dem Job klappt. Bei Emily und den weiteren zuk\u00fcnftigen Schreibern lese ich weiter interessiert \u00fcber die Erfahrungen aus dem Ref mit. Werdet auch Teil der juristenkoffer.de-Community und berichtet aus eurem Referendariat! Denn nur der Erfahrungsaustausch mit Gleichgesinnten stellt sicher, dass man die zwei Jahre sinnvoll und effektiv im Hinblick auf das Assessorexamen\u00a0gestalten kann..<\/p>\n","protected":false},"excerpt":{"rendered":"<p>So nach zwei Jahren und insgesamt 50 Beitr\u00e4gen verabschiede ich mich nun von der Community auf juristenkoffer. Das Referendariat war insgesamt eine sehr sch\u00f6ne Zeit, mit spannenden Aufgaben, netten Menschen und dem einen oder anderen Jurakram. Genie\u00dft also euer Referendariat in vollen Z\u00fcgen, denn das richtige Arbeiten (&#8222;Praxisschock&#8220;) kommt erst noch. Mit mir pers\u00f6nlich geht [&hellip;]<\/p>\n","protected":false},"author":26,"featured_media":0,"comment_status":"open","ping_status":"open","sticky":false,"template":"","format":"standard","meta":{"footnotes":""},"categories":[49],"tags":[19,246,1237],"class_list":["post-6130","post","type-post","status-publish","format-standard","hentry","category-nach-dem-referendariat","tag-bewerbung","tag-einstellung","tag-nrw"],"_links":{"self":[{"href":"https:\/\/www.juristenkoffer.de\/refblog\/wp-json\/wp\/v2\/posts\/6130","targetHints":{"allow":["GET"]}}],"collection":[{"href":"https:\/\/www.juristenkoffer.de\/refblog\/wp-json\/wp\/v2\/posts"}],"about":[{"href":"https:\/\/www.juristenkoffer.de\/refblog\/wp-json\/wp\/v2\/types\/post"}],"author":[{"embeddable":true,"href":"https:\/\/www.juristenkoffer.de\/refblog\/wp-json\/wp\/v2\/users\/26"}],"replies":[{"embeddable":true,"href":"https:\/\/www.juristenkoffer.de\/refblog\/wp-json\/wp\/v2\/comments?post=6130"}],"version-history":[{"count":8,"href":"https:\/\/www.juristenkoffer.de\/refblog\/wp-json\/wp\/v2\/posts\/6130\/revisions"}],"predecessor-version":[{"id":6148,"href":"https:\/\/www.juristenkoffer.de\/refblog\/wp-json\/wp\/v2\/posts\/6130\/revisions\/6148"}],"wp:attachment":[{"href":"https:\/\/www.juristenkoffer.de\/refblog\/wp-json\/wp\/v2\/media?parent=6130"}],"wp:term":[{"taxonomy":"category","embeddable":true,"href":"https:\/\/www.juristenkoffer.de\/refblog\/wp-json\/wp\/v2\/categories?post=6130"},{"taxonomy":"post_tag","embeddable":true,"href":"https:\/\/www.juristenkoffer.de\/refblog\/wp-json\/wp\/v2\/tags?post=6130"}],"curies":[{"name":"wp","href":"https:\/\/api.w.org\/{rel}","templated":true}]}}