{"id":5850,"date":"2012-05-24T08:33:56","date_gmt":"2012-05-24T06:33:56","guid":{"rendered":"http:\/\/www.juristenkoffer.de\/refblog\/?p=5850"},"modified":"2016-03-04T19:48:57","modified_gmt":"2016-03-04T17:48:57","slug":"informiere-dich-ueber-ablauf-und-gestaltung-des-referendariats","status":"publish","type":"post","link":"https:\/\/www.juristenkoffer.de\/refblog\/vor-dem-referendariat\/informiere-dich-ueber-ablauf-und-gestaltung-des-referendariats\/","title":{"rendered":"Informiere Dich \u00fcber Ablauf und Gestaltung des Referendariats"},"content":{"rendered":"<p><img loading=\"lazy\" decoding=\"async\" class=\"alignleft size-full wp-image-5854\" title=\"\" alt=\"\" src=\"https:\/\/www.juristenkoffer.de\/refblog\/wp-content\/uploads\/2012\/05\/bk1.png\" width=\"150\" height=\"150\" \/>Das Institut f\u00fcr Anwalts- und Notarrecht der Universit\u00e4t Bielefeld bietet auch in diesem Jahr eine interessante Veranstaltung f\u00fcr angehende Referendare an:<\/p>\n<p>Am 13.06.2012 informiert die Ausbildungsleiterin am OLG Hamm, Frau RiOLG Kroll, im Hauptgeb\u00e4ude der Universit\u00e4t (H\u00f6rsaal 7) von 14 &#8211; 16 Uhr \u00fcber den Ablauf, die Gestaltung und Planung des Rechtsreferendariats.<!--more--><\/p>\n<p>Wenn man in den Vorbereitungsdienst startet, ist alles neu und ungewohnt. Bei dieser Veranstaltung werden sicherlich die wichtigsten Fragen, die sich stellen, umfassend beantwortet!<\/p>\n<p>Eingegangen wird\u00a0bestimmt auch auf die M\u00f6glichkeit, im Referendariat einen Teil der Ausbildung an der Uni Bielefeld beim &#8222;Bielefelder Kompaktkurs&#8220; zu verbringen. Erste Infos zu dieser Ausbildung findest Du auf unserer <a href=\"https:\/\/www.juristenkoffer.de\/rechtsreferendariat\/bielefelder-kompaktkurs.htm\" target=\"_self\">\u00dcbersichtsseite zum Kompaktkurs f\u00fcr Rechtsreferendare<\/a>.<\/p>\n<p>Alles weitere zu dieser Veranstaltung sowie viele weitere interessante Veranstaltungstipps findest Du beim Stationsradar &#8211; dem <a href=\"http:\/\/www.stationsradar.de\">Portal f\u00fcr Stationsangebote, Nebenjobs und Veranstaltungen f\u00fcr Referendare<\/a>!<\/p>\n","protected":false},"excerpt":{"rendered":"<p>Das Institut f\u00fcr Anwalts- und Notarrecht der Universit\u00e4t Bielefeld bietet auch in diesem Jahr eine interessante Veranstaltung f\u00fcr angehende Referendare an: Am 13.06.2012 informiert die Ausbildungsleiterin am OLG Hamm, Frau RiOLG Kroll, im Hauptgeb\u00e4ude der Universit\u00e4t (H\u00f6rsaal 7) von 14 &#8211; 16 Uhr \u00fcber den Ablauf, die Gestaltung und Planung des Rechtsreferendariats.<\/p>\n","protected":false},"author":2,"featured_media":0,"comment_status":"open","ping_status":"open","sticky":false,"template":"","format":"standard","meta":{"footnotes":""},"categories":[41,948,6],"tags":[539,349,95,1129],"class_list":["post-5850","post","type-post","status-publish","format-standard","hentry","category-nrw","category-stationsangebote-veranstaltungen","category-vor-dem-referendariat","tag-infoveranstaltung","tag-planung","tag-referendariat","tag-uni-bielefeld"],"_links":{"self":[{"href":"https:\/\/www.juristenkoffer.de\/refblog\/wp-json\/wp\/v2\/posts\/5850","targetHints":{"allow":["GET"]}}],"collection":[{"href":"https:\/\/www.juristenkoffer.de\/refblog\/wp-json\/wp\/v2\/posts"}],"about":[{"href":"https:\/\/www.juristenkoffer.de\/refblog\/wp-json\/wp\/v2\/types\/post"}],"author":[{"embeddable":true,"href":"https:\/\/www.juristenkoffer.de\/refblog\/wp-json\/wp\/v2\/users\/2"}],"replies":[{"embeddable":true,"href":"https:\/\/www.juristenkoffer.de\/refblog\/wp-json\/wp\/v2\/comments?post=5850"}],"version-history":[{"count":10,"href":"https:\/\/www.juristenkoffer.de\/refblog\/wp-json\/wp\/v2\/posts\/5850\/revisions"}],"predecessor-version":[{"id":10574,"href":"https:\/\/www.juristenkoffer.de\/refblog\/wp-json\/wp\/v2\/posts\/5850\/revisions\/10574"}],"wp:attachment":[{"href":"https:\/\/www.juristenkoffer.de\/refblog\/wp-json\/wp\/v2\/media?parent=5850"}],"wp:term":[{"taxonomy":"category","embeddable":true,"href":"https:\/\/www.juristenkoffer.de\/refblog\/wp-json\/wp\/v2\/categories?post=5850"},{"taxonomy":"post_tag","embeddable":true,"href":"https:\/\/www.juristenkoffer.de\/refblog\/wp-json\/wp\/v2\/tags?post=5850"}],"curies":[{"name":"wp","href":"https:\/\/api.w.org\/{rel}","templated":true}]}}