{"id":5825,"date":"2012-05-18T15:33:46","date_gmt":"2012-05-18T13:33:46","guid":{"rendered":"http:\/\/www.juristenkoffer.de\/refblog\/?p=5825"},"modified":"2012-05-18T17:42:07","modified_gmt":"2012-05-18T15:42:07","slug":"referendariat-am-lg-kaiserslautern-teil-11-der-abschied","status":"publish","type":"post","link":"https:\/\/www.juristenkoffer.de\/refblog\/allgemein\/referendariat-am-lg-kaiserslautern-teil-11-der-abschied\/","title":{"rendered":"Referendariat am LG Kaiserslautern Teil 11- Der Abschied"},"content":{"rendered":"<p><img loading=\"lazy\" decoding=\"async\" class=\"alignleft size-full wp-image-5830\" title=\"\" src=\"https:\/\/www.juristenkoffer.de\/refblog\/wp-content\/uploads\/2012\/05\/vuvukmoi1.jpg\" alt=\"\" width=\"150\" height=\"160\" \/>Alles hat ein Ende&#8230;<\/p>\n<p>Nun ist es also \u00fcberstanden. 2 Jahre Referendariatszeit gehen Ende dieses Monats zu Ende. Das hei\u00dft Abschied nehmen. Zum einen von meiner juristischen Ausbildung, zum anderen allerdings auch leider von meinen Arbeitskollegen mit denen ich die letzten beiden Jahre viel zu tun hatte. Auch bedeutet dies hier mein letzter Artikel \u00fcber meine Referendariatszeit. Doch es bleibt noch ein kurzer Blick zur\u00fcck.<!--more--><\/p>\n<p>Letzte Woche hatte ich meine m\u00fcndliche Pr\u00fcfung. Dort konnte ich mich nochmal etwas verbessern. Gleichzeitig habe ich die ganze letzte Zeit alles f\u00fcr meine hoffentlich erfolgreiche Anwaltskarriere vorbereitet. So habe ich mich mit den ganzen Formalien rummgeschlagen und schlie\u00dflich am Dienstag, als ich mein Zeugnis erhalten habe, mein Zulassungsantrag weggeschickt. Nun hei\u00dft es also warten.<\/p>\n<p>Ich w\u00fcnsche zum Abschluss allen Referendaren viel Erfolg f\u00fcr den weiteren Werdegang und vielleicht werde ich mich ab und an mit interessanten Berichten aus der Praxis melden. Gleichzeitig bedanke ich mich bei allen Lesern meiner Artikel.<\/p>\n<p>&nbsp;<\/p>\n<p>Liebe Gr\u00fc\u00dfe<\/p>\n<p>Phil<\/p>\n","protected":false},"excerpt":{"rendered":"<p>Alles hat ein Ende&#8230; Nun ist es also \u00fcberstanden. 2 Jahre Referendariatszeit gehen Ende dieses Monats zu Ende. Das hei\u00dft Abschied nehmen. Zum einen von meiner juristischen Ausbildung, zum anderen allerdings auch leider von meinen Arbeitskollegen mit denen ich die letzten beiden Jahre viel zu tun hatte. Auch bedeutet dies hier mein letzter Artikel \u00fcber [&hellip;]<\/p>\n","protected":false},"author":29,"featured_media":0,"comment_status":"open","ping_status":"open","sticky":false,"template":"","format":"standard","meta":{"footnotes":""},"categories":[1],"tags":[],"class_list":["post-5825","post","type-post","status-publish","format-standard","hentry","category-allgemein"],"_links":{"self":[{"href":"https:\/\/www.juristenkoffer.de\/refblog\/wp-json\/wp\/v2\/posts\/5825","targetHints":{"allow":["GET"]}}],"collection":[{"href":"https:\/\/www.juristenkoffer.de\/refblog\/wp-json\/wp\/v2\/posts"}],"about":[{"href":"https:\/\/www.juristenkoffer.de\/refblog\/wp-json\/wp\/v2\/types\/post"}],"author":[{"embeddable":true,"href":"https:\/\/www.juristenkoffer.de\/refblog\/wp-json\/wp\/v2\/users\/29"}],"replies":[{"embeddable":true,"href":"https:\/\/www.juristenkoffer.de\/refblog\/wp-json\/wp\/v2\/comments?post=5825"}],"version-history":[{"count":6,"href":"https:\/\/www.juristenkoffer.de\/refblog\/wp-json\/wp\/v2\/posts\/5825\/revisions"}],"predecessor-version":[{"id":5831,"href":"https:\/\/www.juristenkoffer.de\/refblog\/wp-json\/wp\/v2\/posts\/5825\/revisions\/5831"}],"wp:attachment":[{"href":"https:\/\/www.juristenkoffer.de\/refblog\/wp-json\/wp\/v2\/media?parent=5825"}],"wp:term":[{"taxonomy":"category","embeddable":true,"href":"https:\/\/www.juristenkoffer.de\/refblog\/wp-json\/wp\/v2\/categories?post=5825"},{"taxonomy":"post_tag","embeddable":true,"href":"https:\/\/www.juristenkoffer.de\/refblog\/wp-json\/wp\/v2\/tags?post=5825"}],"curies":[{"name":"wp","href":"https:\/\/api.w.org\/{rel}","templated":true}]}}