{"id":5808,"date":"2012-05-14T13:35:53","date_gmt":"2012-05-14T11:35:53","guid":{"rendered":"http:\/\/www.juristenkoffer.de\/refblog\/?p=5808"},"modified":"2012-05-14T11:48:10","modified_gmt":"2012-05-14T09:48:10","slug":"halbzeit","status":"publish","type":"post","link":"https:\/\/www.juristenkoffer.de\/refblog\/zivilrechtsstation\/halbzeit\/","title":{"rendered":"Halbzeit :-)"},"content":{"rendered":"<p><img loading=\"lazy\" decoding=\"async\" class=\"alignleft size-full wp-image-5816\" title=\"\" src=\"https:\/\/www.juristenkoffer.de\/refblog\/wp-content\/uploads\/2012\/05\/MP900315616.jpg\" alt=\"\" width=\"150\" height=\"160\" \/>Letztes Wochenende war ja das DFB-Pokalfinalspiel und die Fu\u00dfball-Saison 2011\/12\u00a0ist nun zu Ende. Bis zum Referendariats-Finale dauert es bei mir zwar noch etwas, aber zur Halbzeitpause der ersten Pflichtstation kann diese Woche schon abgepfiffen werden. \ud83d\ude42<\/p>\n<p>Urlaubsantr\u00e4ge habe ich auch schon eingereicht und die Best\u00e4tigung, dass alles\u00a0wie beantragt\u00a0in Ordnung geht,\u00a02 Tage sp\u00e4ter auch per E-mail erhalten.<!--more--> Mir stehen 26 Urlaubstage pro Ausbildungsjahr (d.h. f\u00fcr mich vom M\u00e4rz 2012 bis Ende Februar 2013) zu. Den Urlaub soll man m\u00f6glichst in den l\u00e4ngeren Stationen nehmen und in den kurzen 3-monatigen Stationen (Staatsanwaltschaft und Verwaltungsstation) maximal 10 Tage. Da ich den Urlaub auch nicht verfallen lassen m\u00f6chte, das Wetter auch immer besser wird und bald auch die Fu\u00dfball-EM vor der T\u00fcr steht (ich liebe diese Atmosph\u00e4re wenn sich alles im Biergarten trifft und mitfiebert ;-)) habe ich die H\u00e4lfte meiner Urlaubstage f\u00fcr die erste Station verbraucht. Verfallen lassen m\u00f6chte ich ihn ja auch nicht. Dadurch, dass die Verwaltungsstation bei mir direkt \u00fcber Weihnachten\/Silvester liegt, wo die Beh\u00f6rden ja sowieso geschlossen haben, werde ich in der Verwaltungsstation wohl eh keinen Urlaub nehmen (oder: brauchen \ud83d\ude00 ) und\u00a0so kann ich\u00a0die restlichen Urlaubstage oder einen Teil davon dann ggf. in der Staatsanwaltschaftsstation nehmen (ich wollte vielleicht im Herbst eine Woche\u00a0in den Urlaub fliegen wenn sich spontan etwas findet) und\u00a0die Urlaubstage sind damit\u00a0dann auch gut geplant (und\u00a0\u00fcber das erste Ausbildungsjahr\u00a0verteilt)\u00a0verbraucht. \ud83d\ude42 Die kommenden Urlaubstage werde ich nicht gro\u00dfartig wegfahren, sondern in meinem Nebenjob arbeiten, hier und da mal Freunde besuchen, der deutschen Nationalmannschaft bei der EM die Daumen dr\u00fccken und die AG nacharbeiten (aber ganz entspannt).<\/p>\n<p>Die restlichen 2,5 Monate werden glaube ich noch schneller vergehen als die erste H\u00e4lfte und das ist schon echt Wahnsinn, denn theoretisch(!) habe ich dann den ganzen Stoff durch, um die zivilrechtlichen Examens-Urteilsklausuren zu schreiben&#8230;praktisch ist das allerdings nicht der Fall, da wird noch einiges an Lernarbeit investiert werden m\u00fcssen. \ud83d\ude09\u00a0 Wie gesagt habe ich jeweils im Mai und Juni eh etwas Urlaub und laut Ausbildungsplan ist im Monat Juli\u00a0dann auch gar\u00a0nicht mehr viel los und darum denke ich, dass die Zeit bis zum Stationsende jetzt auch noch schneller vorbeigehen wird. Wenn sich die Termine nicht mehr verschieben, habe ich im Juli nur noch 2x AG (wovon das eine\u00a0sogar eine Wiederholungs- und Vertiefungsstunde ist) und dann sind wir mit dem AG-Stoff durch und es gibt Ende Juli die Zeugnisse. Wie viele Verhandlungstermine\/Vorbesprechungen anstehen und wie viele Akten mein Richter f\u00fcr mich zur Bearbeitung haben wird, wei\u00df ich zwar noch nicht, aber ich gehe davon aus, dass der Juli mein ruhigster Referendariatsmonat wird&#8230;mal gucken ob es sich bewahrheitet. \ud83d\ude09<\/p>\n<p>Die erste Klausur haben wir mittlerweile \u00fcbrigens korrigiert zur\u00fcckbekommen. Sie fiel sehr unterschiedlich aus. Durchgefallen ist in unserer Gruppe zwar niemand, aber &#8222;ausreichend&#8220; wurde auch verteilt. Mit meiner Note (&#8222;vollbefriedigend&#8220;) bin ich sehr zufrieden. \ud83d\ude42 Die zweite Klausur haben wir letztens auch schon geschrieben. Ich kann sie aber gar nicht einsch\u00e4tzen. Es war auf jedenfall vom prozessualen Teil her machbarer als die erste Klausur, materiell-rechtlich finde ich die Klausuren insgesamt angenehmer als die im ersten Examen, ich merke aber, dass ich das materielle Recht unbedingt wiederholen muss und in der Klausur habe ich mich\u00a0glaube ich aufbautechnisch mittendrin und dann bis ans Ende ziemlich verfranzt. Naja, mal abwarten. \ud83d\ude42<\/p>\n<p>Was die weitere Planung der n\u00e4chsten Stationen angeht: Von der Anwaltsstation habe ich eine R\u00fcckmeldung bekommen, dass meine Bewerbung eingegangen ist. Bei der Verwaltungsstation warte ich auf einen R\u00fcckruf der zust\u00e4ndigen Bearbeiterin. Wenn die kommenden Tage nichts passiert, werde ich dort noch einmal erneut anrufen. Ich habe erst noch \u00fcberlegt, ob ich die Verwaltungsstation nicht in Speyer verbringen soll. Mein Hauptargument dagegen ist jedoch, dass ich mich damit schon festlege die Wahlstation bei einer Verwaltungsbeh\u00f6rde zu absolvieren\u00a0und somit dann auch\u00a0den Aktenvortrag im \u00d6ffentlichen Recht zu halten. Davon bin ich allerdings nicht so begeistert, da ich den Aktenvortrag &#8211; Stand bisher\u00a0 &#8211; doch eher im Zivilrecht halten m\u00f6chte. W\u00e4re Speyer nicht an die Bedingung, den Aktenvortrag im \u00d6ffentlichen Recht\u00a0zu halten gekn\u00fcpft, w\u00e4re ich sonst echt ganz gerne dahingegangen.<\/p>\n<p>Emily*<\/p>\n","protected":false},"excerpt":{"rendered":"<p>Letztes Wochenende war ja das DFB-Pokalfinalspiel und die Fu\u00dfball-Saison 2011\/12\u00a0ist nun zu Ende. Bis zum Referendariats-Finale dauert es bei mir zwar noch etwas, aber zur Halbzeitpause der ersten Pflichtstation kann diese Woche schon abgepfiffen werden. \ud83d\ude42 Urlaubsantr\u00e4ge habe ich auch schon eingereicht und die Best\u00e4tigung, dass alles\u00a0wie beantragt\u00a0in Ordnung geht,\u00a02 Tage sp\u00e4ter auch per E-mail [&hellip;]<\/p>\n","protected":false},"author":43,"featured_media":0,"comment_status":"open","ping_status":"open","sticky":false,"template":"","format":"standard","meta":{"footnotes":""},"categories":[42,8],"tags":[],"class_list":["post-5808","post","type-post","status-publish","format-standard","hentry","category-niedersachsen","category-zivilrechtsstation"],"_links":{"self":[{"href":"https:\/\/www.juristenkoffer.de\/refblog\/wp-json\/wp\/v2\/posts\/5808","targetHints":{"allow":["GET"]}}],"collection":[{"href":"https:\/\/www.juristenkoffer.de\/refblog\/wp-json\/wp\/v2\/posts"}],"about":[{"href":"https:\/\/www.juristenkoffer.de\/refblog\/wp-json\/wp\/v2\/types\/post"}],"author":[{"embeddable":true,"href":"https:\/\/www.juristenkoffer.de\/refblog\/wp-json\/wp\/v2\/users\/43"}],"replies":[{"embeddable":true,"href":"https:\/\/www.juristenkoffer.de\/refblog\/wp-json\/wp\/v2\/comments?post=5808"}],"version-history":[{"count":9,"href":"https:\/\/www.juristenkoffer.de\/refblog\/wp-json\/wp\/v2\/posts\/5808\/revisions"}],"predecessor-version":[{"id":5810,"href":"https:\/\/www.juristenkoffer.de\/refblog\/wp-json\/wp\/v2\/posts\/5808\/revisions\/5810"}],"wp:attachment":[{"href":"https:\/\/www.juristenkoffer.de\/refblog\/wp-json\/wp\/v2\/media?parent=5808"}],"wp:term":[{"taxonomy":"category","embeddable":true,"href":"https:\/\/www.juristenkoffer.de\/refblog\/wp-json\/wp\/v2\/categories?post=5808"},{"taxonomy":"post_tag","embeddable":true,"href":"https:\/\/www.juristenkoffer.de\/refblog\/wp-json\/wp\/v2\/tags?post=5808"}],"curies":[{"name":"wp","href":"https:\/\/api.w.org\/{rel}","templated":true}]}}