{"id":5792,"date":"2012-05-13T11:11:36","date_gmt":"2012-05-13T09:11:36","guid":{"rendered":"http:\/\/www.juristenkoffer.de\/refblog\/?p=5792"},"modified":"2016-03-04T19:49:03","modified_gmt":"2016-03-04T17:49:03","slug":"referendartag-beim-finanzgericht-koeln","status":"publish","type":"post","link":"https:\/\/www.juristenkoffer.de\/refblog\/nrw\/referendartag-beim-finanzgericht-koeln\/","title":{"rendered":"Referendartag beim Finanzgericht K\u00f6ln"},"content":{"rendered":"<p><img loading=\"lazy\" decoding=\"async\" class=\"alignleft size-full wp-image-5793\" title=\"Finanzgericht K\u00f6ln\" alt=\"\" src=\"https:\/\/www.juristenkoffer.de\/refblog\/wp-content\/uploads\/2012\/05\/Finanzgericht-K\u00f6ln.jpg\" width=\"150\" height=\"150\" \/>Heute im RefBlog ein Veranstaltungstipp f\u00fcr alle Referendare, die sich vorstellen k\u00f6nnen, sp\u00e4ter im Steuerrecht oder sogar\u00a0als Finanzrichter\u00a0zu arbeiten! Am <strong>Mittwoch, den 13.06.2012<\/strong> (9.00 Uhr\u00a0\/ Sitzungssaal 201), findet am Finanzgericht K\u00f6ln ein Referendartag statt.<\/p>\n<p>Mitarbeiter des Gerichts geben an diesem Tag den Referendaren Einblicke in das finanzgerichtliche Verfahren. <!--more-->Anschlie\u00dfend nehmen die Teilnehmer an einer Senatssitzung teil und k\u00f6nnen den Richtern Fragen zur Sitzung stellen. Schlie\u00dflich informiert der Personaldezernent \u00fcber die Voraussetzungen und M\u00f6glichkeiten f\u00fcr eine Einstellung als Proberichter\/Proberichterin beim Finanzgericht.<\/p>\n<p>Wer Interesse an einer Teilnahme hat, soll sich bis zum 25. Mai 2012 mit einem <a href=\"http:\/\/www.olg-koeln.nrw.de\/002_aufgaben\/referendarabteilung\/002_aktuelles\/005zwtext_bis20120613\/anmeldung_referendartag_fg-koeln.pdf\" target=\"_blank\">downloadbaren\u00a0Formular<\/a> melden. F\u00fcr Nachfragen stehen Herr Neu und Herr Weingarten gerne zur Verf\u00fcgung (Telefon 0221 2066 467 \/ 426).<\/p>\n<p>Alles weitere zu dieser Veranstaltung sowie viele weitere interessante Veranstaltungstipps findest Du beim Stationsradar &#8211; dem <a href=\"http:\/\/www.stationsradar.de\">Portal f\u00fcr Stationsangebote, Nebenjobs und Veranstaltungen f\u00fcr Referendare<\/a>!<\/p>\n<p>(c) Foto des FG K\u00f6ln: <a href=\"http:\/\/www.borgelt.de\/gerichte\/Finanzgericht-Koeln.html\" target=\"_blank\">RAe Borgelt &amp; Partner<\/a><\/p>\n","protected":false},"excerpt":{"rendered":"<p>Heute im RefBlog ein Veranstaltungstipp f\u00fcr alle Referendare, die sich vorstellen k\u00f6nnen, sp\u00e4ter im Steuerrecht oder sogar\u00a0als Finanzrichter\u00a0zu arbeiten! Am Mittwoch, den 13.06.2012 (9.00 Uhr\u00a0\/ Sitzungssaal 201), findet am Finanzgericht K\u00f6ln ein Referendartag statt. Mitarbeiter des Gerichts geben an diesem Tag den Referendaren Einblicke in das finanzgerichtliche Verfahren.<\/p>\n","protected":false},"author":2,"featured_media":0,"comment_status":"open","ping_status":"open","sticky":false,"template":"","format":"standard","meta":{"footnotes":""},"categories":[49,41,948],"tags":[1121,1122],"class_list":["post-5792","post","type-post","status-publish","format-standard","hentry","category-nach-dem-referendariat","category-nrw","category-stationsangebote-veranstaltungen","tag-referendartag-fg-koeln","tag-veranstaltung"],"_links":{"self":[{"href":"https:\/\/www.juristenkoffer.de\/refblog\/wp-json\/wp\/v2\/posts\/5792","targetHints":{"allow":["GET"]}}],"collection":[{"href":"https:\/\/www.juristenkoffer.de\/refblog\/wp-json\/wp\/v2\/posts"}],"about":[{"href":"https:\/\/www.juristenkoffer.de\/refblog\/wp-json\/wp\/v2\/types\/post"}],"author":[{"embeddable":true,"href":"https:\/\/www.juristenkoffer.de\/refblog\/wp-json\/wp\/v2\/users\/2"}],"replies":[{"embeddable":true,"href":"https:\/\/www.juristenkoffer.de\/refblog\/wp-json\/wp\/v2\/comments?post=5792"}],"version-history":[{"count":7,"href":"https:\/\/www.juristenkoffer.de\/refblog\/wp-json\/wp\/v2\/posts\/5792\/revisions"}],"predecessor-version":[{"id":10575,"href":"https:\/\/www.juristenkoffer.de\/refblog\/wp-json\/wp\/v2\/posts\/5792\/revisions\/10575"}],"wp:attachment":[{"href":"https:\/\/www.juristenkoffer.de\/refblog\/wp-json\/wp\/v2\/media?parent=5792"}],"wp:term":[{"taxonomy":"category","embeddable":true,"href":"https:\/\/www.juristenkoffer.de\/refblog\/wp-json\/wp\/v2\/categories?post=5792"},{"taxonomy":"post_tag","embeddable":true,"href":"https:\/\/www.juristenkoffer.de\/refblog\/wp-json\/wp\/v2\/tags?post=5792"}],"curies":[{"name":"wp","href":"https:\/\/api.w.org\/{rel}","templated":true}]}}