{"id":5756,"date":"2012-05-05T14:48:50","date_gmt":"2012-05-05T12:48:50","guid":{"rendered":"http:\/\/www.juristenkoffer.de\/refblog\/?p=5756"},"modified":"2012-05-02T14:58:49","modified_gmt":"2012-05-02T12:58:49","slug":"mitarbeiter-fuer-den-69-deutschen-juristentag-in-muenchen-gesucht","status":"publish","type":"post","link":"https:\/\/www.juristenkoffer.de\/refblog\/allgemein\/mitarbeiter-fuer-den-69-deutschen-juristentag-in-muenchen-gesucht\/","title":{"rendered":"Mitarbeiter f\u00fcr den 69. Deutschen Juristentag in M\u00fcnchen gesucht"},"content":{"rendered":"<div>\n<p><img loading=\"lazy\" decoding=\"async\" class=\"alignleft size-full wp-image-5757\" title=\"\" src=\"https:\/\/www.juristenkoffer.de\/refblog\/wp-content\/uploads\/2012\/05\/juristentag.jpg\" alt=\"\" width=\"150\" height=\"150\" \/>F\u00fcr den Zeitraum vom 17. bis zum 21. September 2012 werden zur Mitarbeit beim 69. Deutschen Juristentag Referendare als Mitarbeiter in M\u00fcnchen gesucht. Die T\u00e4tigkeit der Mitarbeiter umfasst insbesondere die Bereiche Tagungsschalter, Druckzentrum, Betreuung der Fachabteilungen, Tonaufnahmen sowie Korrekturmitarbeit im Schreibdienst. Weiterhin werden Mitarbeiter zur Einlasskontrolle, f\u00fcr das Rahmenprogramm und zur Stimmenausz\u00e4hlung ben\u00f6tigt.<!--more--><\/p>\n<p>Die T\u00e4tigkeit auf dem Juristentag ist eine geringf\u00fcgige, sogenannte kurzfristige Besch\u00e4ftigung; die anfallenden Pauschalsteuern werden vom djt e.V. getragen.<\/p>\n<p>Nutzt die einzigartige M\u00f6glichkeit, die Diskussion aktueller rechtspolitischer Fragen hautnah mitzuerleben und juristische Prominenz zu treffen!<\/p>\n<p>F\u00fcr die Bewerbung ist das nebenstehende Anmeldeformular zur Mitarbeit zu verwenden, erg\u00e4nzt um den Lebenslauf.<\/p>\n<p>Fragen zur Mitarbeit k\u00f6nnen gerichtet werden an:<\/p>\n<p>Domenic B\u00f6hm (Personalplanung), Schlei\u00dfheimer Stra\u00dfe 139, 80797 M\u00fcnchen<\/p>\n<p>Telefon +49 (0)89 5597 1338<\/p>\n<p>Telefax +49 (0)89 5597 1370<\/p>\n<p><a>E-Mail: boehm@djt.de<\/a><\/p>\n<\/div>\n","protected":false},"excerpt":{"rendered":"<p>F\u00fcr den Zeitraum vom 17. bis zum 21. September 2012 werden zur Mitarbeit beim 69. Deutschen Juristentag Referendare als Mitarbeiter in M\u00fcnchen gesucht. Die T\u00e4tigkeit der Mitarbeiter umfasst insbesondere die Bereiche Tagungsschalter, Druckzentrum, Betreuung der Fachabteilungen, Tonaufnahmen sowie Korrekturmitarbeit im Schreibdienst. Weiterhin werden Mitarbeiter zur Einlasskontrolle, f\u00fcr das Rahmenprogramm und zur Stimmenausz\u00e4hlung ben\u00f6tigt.<\/p>\n","protected":false},"author":3,"featured_media":0,"comment_status":"open","ping_status":"open","sticky":false,"template":"","format":"standard","meta":{"footnotes":""},"categories":[1,239],"tags":[661,663],"class_list":["post-5756","post","type-post","status-publish","format-standard","hentry","category-allgemein","category-bayern","tag-deutscher-juristentag","tag-djt"],"_links":{"self":[{"href":"https:\/\/www.juristenkoffer.de\/refblog\/wp-json\/wp\/v2\/posts\/5756","targetHints":{"allow":["GET"]}}],"collection":[{"href":"https:\/\/www.juristenkoffer.de\/refblog\/wp-json\/wp\/v2\/posts"}],"about":[{"href":"https:\/\/www.juristenkoffer.de\/refblog\/wp-json\/wp\/v2\/types\/post"}],"author":[{"embeddable":true,"href":"https:\/\/www.juristenkoffer.de\/refblog\/wp-json\/wp\/v2\/users\/3"}],"replies":[{"embeddable":true,"href":"https:\/\/www.juristenkoffer.de\/refblog\/wp-json\/wp\/v2\/comments?post=5756"}],"version-history":[{"count":5,"href":"https:\/\/www.juristenkoffer.de\/refblog\/wp-json\/wp\/v2\/posts\/5756\/revisions"}],"predecessor-version":[{"id":5762,"href":"https:\/\/www.juristenkoffer.de\/refblog\/wp-json\/wp\/v2\/posts\/5756\/revisions\/5762"}],"wp:attachment":[{"href":"https:\/\/www.juristenkoffer.de\/refblog\/wp-json\/wp\/v2\/media?parent=5756"}],"wp:term":[{"taxonomy":"category","embeddable":true,"href":"https:\/\/www.juristenkoffer.de\/refblog\/wp-json\/wp\/v2\/categories?post=5756"},{"taxonomy":"post_tag","embeddable":true,"href":"https:\/\/www.juristenkoffer.de\/refblog\/wp-json\/wp\/v2\/tags?post=5756"}],"curies":[{"name":"wp","href":"https:\/\/api.w.org\/{rel}","templated":true}]}}