{"id":5627,"date":"2012-05-03T09:56:47","date_gmt":"2012-05-03T07:56:47","guid":{"rendered":"http:\/\/www.juristenkoffer.de\/refblog\/?p=5627"},"modified":"2015-11-22T19:44:19","modified_gmt":"2015-11-22T17:44:19","slug":"ausschreibung-von-stellen-beim-lag-koeln","status":"publish","type":"post","link":"https:\/\/www.juristenkoffer.de\/refblog\/nrw\/ausschreibung-von-stellen-beim-lag-koeln\/","title":{"rendered":"Ausschreibung von Stellen beim LAG K\u00f6ln"},"content":{"rendered":"<p><img loading=\"lazy\" decoding=\"async\" class=\"alignleft size-full wp-image-5628\" title=\"\" src=\"https:\/\/www.juristenkoffer.de\/refblog\/wp-content\/uploads\/2012\/04\/adas.png\" alt=\"\" width=\"150\" height=\"150\" \/>Wir haben vor kurzem unsere Infoseiten zu den <a href=\"https:\/\/www.juristenkoffer.de\/richter\/\">Einstellungsvoraussetzungen als Richter auf Probe<\/a> aktualisiert. \u00c4nderungen zu den Voraussetzungen f\u00fcr eine erfolgversprechende Bewerbung gab es unter anderem in Hamburg, Sachsen und NRW.<\/p>\n<p>Dabei sind wir auch auf eine aktuelle Ausschreibung von Richterstellen beim LAG K\u00f6ln gesto\u00dfen. <!--more-->Da der Bedarf an Arbeitsrichtern nat\u00fcrlich deutlich geringer ist als der Bedarf in der ordentlichen Gerichtsbarkeit, werden Stellen explizit auf den <a href=\"http:\/\/www.lag-koeln.nrw.de\/wir_ueber_uns\/stellenangebote\/index.php\" target=\"_blank\">Seiten des LAG<\/a> ausgeschrieben.<\/p>\n<blockquote><p>Im Bezirk des Landesarbeitsgerichts K\u00f6ln sind voraussichtlich Stellen f\u00fcr<\/p>\n<p style=\"text-align: center;\"><strong>Richterinnen \/ Richter auf Probe (R1)<\/strong><\/p>\n<p>zu besetzen. Die Bewerber sollten m\u00f6glichst beide Staatsexamen mit mindestens vollbefriedigend absolviert haben. Von Vorteil ist ein Bezug zum Arbeitsrecht in der Ausbildung oder in der bisherigen Berufst\u00e4tigkeit. Im \u00dcbrigen wird auf das nachstehende Merkblatt hingewiesen.<\/p>\n<p>Bewerbungen sind bis zum <strong>15.05.2012<\/strong> zu richten an den Pr\u00e4sidenten des Landesarbeitsgerichts, Blumenthalstra\u00dfe 33 in 50670 K\u00f6ln.<\/p><\/blockquote>\n<p>Welche Unterlagen der Bewerbung beizuf\u00fcgen sind, kann einem <a href=\"http:\/\/www.lag-koeln.nrw.de\/wir_ueber_uns\/stellenangebote\/merkblattrichterbewerbungen-07-10.pdf\" target=\"_blank\">Merkblatt<\/a> entnommen werden. Gerade da der Bedarf in der Arbeitsgerichtsbarkeit eher gering ist, eine gute Gelegenheit f\u00fcr alle Arbeitsrechtler, die sich vorstellen k\u00f6nnen, in den Staatsdienst zu gehen.<\/p>\n<p>Weitere Infos findest Du auf unserer \u00dcbersichtsseite zur <a href=\"https:\/\/www.juristenkoffer.de\/richter\/nordrhein-westfalen\/\">Richtereinstellung in Nordrhein-Westfalen<\/a>.<\/p>\n<p><strong>Unser Tipp f\u00fcr alle, die Richter oder Staatsanwalt werden wollen:<\/strong><\/p>\n<p>DAS &#8222;INSIDER-DOSSIER&#8220; &#8211; RICHTER \/ STAATSANWALT WERDEN<\/p>\n<p>M\u00f6chte man als Richter oder <img loading=\"lazy\" decoding=\"async\" class=\"alignright size-medium wp-image-10303\" src=\"https:\/\/www.juristenkoffer.de\/refblog\/wp-content\/uploads\/2015\/11\/insider-dossier-cover-214x300.png\" alt=\"\" width=\"214\" height=\"300\" srcset=\"https:\/\/www.juristenkoffer.de\/refblog\/wp-content\/uploads\/2015\/11\/insider-dossier-cover-214x300.png 214w, https:\/\/www.juristenkoffer.de\/refblog\/wp-content\/uploads\/2015\/11\/insider-dossier-cover.png 294w\" sizes=\"auto, (max-width: 214px) 100vw, 214px\" \/>Staatsanwalt arbeiten, muss man sich auf die Bewerbung und das folgende Vorstellungsgespr\u00e4ch beim Gericht bzw. Justizministerium optimal vorbereiten.<\/p>\n<p><i>EXKLUSIV NUR AUF JURISTENKOFFER.DE!<\/i><\/p>\n<p>\u00bb Informationen zu den tats\u00e4chlichen Einstellungsvoraussetzungen vieler Bundesl\u00e4nder,<br \/>\n\u00bb n\u00fctzliche Hinweise zum Bewerbungsverfahren sowie insbesondere<br \/>\n\u00bb detaillierte Protokolle von Juristen, die bereits ein solches Bewerbungsverfahren erfolgreich absolviert haben.<\/p>\n<p>Sichere Dir jetzt das Insider-Dossier und erreiche so das Ziel, Richter bzw. Staatsanwalt zu werden!\u00a0Alle Infos zum Insider-Dossier findest Du <a href=\"https:\/\/www.juristenkoffer.de\/richter\/insider-dossier-richter-staatsanwalt-bewerbung\/\">auf dieser Seite<\/a>.<\/p>\n","protected":false},"excerpt":{"rendered":"<p>Wir haben vor kurzem unsere Infoseiten zu den Einstellungsvoraussetzungen als Richter auf Probe aktualisiert. \u00c4nderungen zu den Voraussetzungen f\u00fcr eine erfolgversprechende Bewerbung gab es unter anderem in Hamburg, Sachsen und NRW. Dabei sind wir auch auf eine aktuelle Ausschreibung von Richterstellen beim LAG K\u00f6ln gesto\u00dfen.<\/p>\n","protected":false},"author":2,"featured_media":0,"comment_status":"open","ping_status":"open","sticky":false,"template":"","format":"standard","meta":{"footnotes":""},"categories":[49,41],"tags":[1113,246,1114,611],"class_list":["post-5627","post","type-post","status-publish","format-standard","hentry","category-nach-dem-referendariat","category-nrw","tag-arbeitsgericht","tag-einstellung","tag-lag-koeln","tag-richter"],"_links":{"self":[{"href":"https:\/\/www.juristenkoffer.de\/refblog\/wp-json\/wp\/v2\/posts\/5627","targetHints":{"allow":["GET"]}}],"collection":[{"href":"https:\/\/www.juristenkoffer.de\/refblog\/wp-json\/wp\/v2\/posts"}],"about":[{"href":"https:\/\/www.juristenkoffer.de\/refblog\/wp-json\/wp\/v2\/types\/post"}],"author":[{"embeddable":true,"href":"https:\/\/www.juristenkoffer.de\/refblog\/wp-json\/wp\/v2\/users\/2"}],"replies":[{"embeddable":true,"href":"https:\/\/www.juristenkoffer.de\/refblog\/wp-json\/wp\/v2\/comments?post=5627"}],"version-history":[{"count":8,"href":"https:\/\/www.juristenkoffer.de\/refblog\/wp-json\/wp\/v2\/posts\/5627\/revisions"}],"predecessor-version":[{"id":10320,"href":"https:\/\/www.juristenkoffer.de\/refblog\/wp-json\/wp\/v2\/posts\/5627\/revisions\/10320"}],"wp:attachment":[{"href":"https:\/\/www.juristenkoffer.de\/refblog\/wp-json\/wp\/v2\/media?parent=5627"}],"wp:term":[{"taxonomy":"category","embeddable":true,"href":"https:\/\/www.juristenkoffer.de\/refblog\/wp-json\/wp\/v2\/categories?post=5627"},{"taxonomy":"post_tag","embeddable":true,"href":"https:\/\/www.juristenkoffer.de\/refblog\/wp-json\/wp\/v2\/tags?post=5627"}],"curies":[{"name":"wp","href":"https:\/\/api.w.org\/{rel}","templated":true}]}}