{"id":5580,"date":"2012-04-19T17:50:56","date_gmt":"2012-04-19T15:50:56","guid":{"rendered":"http:\/\/www.juristenkoffer.de\/refblog\/?p=5580"},"modified":"2012-04-19T14:10:11","modified_gmt":"2012-04-19T12:10:11","slug":"lang-lang-ists-her","status":"publish","type":"post","link":"https:\/\/www.juristenkoffer.de\/refblog\/zivilrechtsstation\/lang-lang-ists-her\/","title":{"rendered":"Lang, lang ist&#8217;s her&#8230;"},"content":{"rendered":"<p><img loading=\"lazy\" decoding=\"async\" class=\"alignleft size-full wp-image-5587\" title=\"Akten\" src=\"https:\/\/www.juristenkoffer.de\/refblog\/wp-content\/uploads\/2012\/04\/Akten.jpg\" alt=\"\" width=\"150\" height=\"150\" \/>&#8230;seit ich das letzte mal geschrieben habe. Momentan bin ich leider ziemlich im Stress. Bis Ende der Woche m\u00fcssen noch 2 Akten bearbeitet sein und die erste Klausur schreiben wir\u00a0demn\u00e4chst auch schon. Ich habe leider \u00fcberhaupt keine Ahnung wie das funktionieren soll, denn ich habe das Gef\u00fchl noch gar nichts zu k\u00f6nnen\u00a0(aber meinen Referendarskollegen aus der Arbeitsgemeinschaft geht es da wohl auch nicht sonderlich anders).<!--more--> Hinweise dahingehend, was in der Klausur drankommen k\u00f6nnte (z.B. was zumindest grob \u00fcberhaupt drankommen wird: eine\u00a0Relation, ein Urteil) wurden nicht gegeben (ich\u00a0denke aber es wird auf ein Urteil hinauslaufen). Ich habe aber weder Lust, noch die Zeit mir jetzt alles einfach anzugucken und wei\u00df auch ehrlich gesagt nichtmal <strong>was<\/strong> ich mir jetzt konkret angucken sollte. Ich habe einfach das Gef\u00fchl das gro\u00dfe Ganze hat sich noch nichtmal gesetzt. Und da scheinbar eh immer die Dinge drankommen die wir bisher noch nicht gemacht haben wird es wohl eh auf ein &#8222;versuchen wir&#8217;s einfach mal&#8220; hinauslaufen&#8230;lernen bringt insoweit also nichtmal was (abgesehen davon, dass ich es zeitlich neben den Akten die hier noch liegen auch gar nicht schaffe). Ich werde also ganz entspannt die Klausur schreiben und einfach mal gucken was ich so aus dem \u00c4rmel sch\u00fctteln kann. \ud83d\ude00\u00a0Ich kam bisher auch noch nicht wirklich dazu mal in Ruhe einige Dinge zu wiederholen da ich im Anschluss an die Proberelation (die bei mir\u00a0\u00fcbrigens\u00a0auf ein\u00a0&#8222;befriedigend&#8220;\u00a0hinauslief (und so war auch insgesamt der Schnitt)) und den Hausaufgaben\u00a0die wir in der Arbeitsgemeinschaft aufkriegen, ja auch noch den Nebenjob habe und mich zudem auch\u00a0erstmal ziemlich lange reinfuchsen musste wie ich die Akten f\u00fcr meinen Richter generell von der Herangehensweise\u00a0am Besten bearbeite und wie ich es dann auch wirklich konkret f\u00fcr die jeweilige Akte\u00a0l\u00f6se. Dann war letztens auch das Osterwochenende, was mit Familienbesuchen \u00fcberladen war und schwupps, ist der Monat April nun bald wieder vorbei.<\/p>\n<p>Ich wei\u00df zwar nicht, ob hier jemand meinen Blog wirklich regelm\u00e4\u00dfig verfolgt und darum \u00fcberhaupt gespannt auf weitere Eintr\u00e4ge\u00a0von mir\u00a0wartet (kurzer Kommentar w\u00e4re nett \ud83d\ude09 ), aber falls dem so ist, so sei gesagt: ich werde entweder am Wochenende oder Anfang n\u00e4chster Woche wieder (ausf\u00fchrlicher) posten, dann ist erstmal der\u00a0gr\u00f6\u00dfte momentan vorhandene Arbeitsteil\u00a0erledigt und wieder etwas mehr zeitlicher Spielraum vorhanden. \ud83d\ude42<\/p>\n<p>Soweit also nur mal eine kurze Meldung von mir damit ihr wisst dass ich noch lebe. \ud83d\ude09 Ich werde mich jetzt erstmal wieder an meine Akte setzen, damit zumindest die eine &#8211; hoffentlich &#8211; heute noch fertig wird.<\/p>\n<p>Emily*<\/p>\n","protected":false},"excerpt":{"rendered":"<p>&#8230;seit ich das letzte mal geschrieben habe. Momentan bin ich leider ziemlich im Stress. Bis Ende der Woche m\u00fcssen noch 2 Akten bearbeitet sein und die erste Klausur schreiben wir\u00a0demn\u00e4chst auch schon. Ich habe leider \u00fcberhaupt keine Ahnung wie das funktionieren soll, denn ich habe das Gef\u00fchl noch gar nichts zu k\u00f6nnen\u00a0(aber meinen Referendarskollegen aus [&hellip;]<\/p>\n","protected":false},"author":43,"featured_media":0,"comment_status":"open","ping_status":"open","sticky":false,"template":"","format":"standard","meta":{"footnotes":""},"categories":[42,8],"tags":[1110,1027,919],"class_list":["post-5580","post","type-post","status-publish","format-standard","hentry","category-niedersachsen","category-zivilrechtsstation","tag-ag","tag-emily","tag-klausur"],"_links":{"self":[{"href":"https:\/\/www.juristenkoffer.de\/refblog\/wp-json\/wp\/v2\/posts\/5580","targetHints":{"allow":["GET"]}}],"collection":[{"href":"https:\/\/www.juristenkoffer.de\/refblog\/wp-json\/wp\/v2\/posts"}],"about":[{"href":"https:\/\/www.juristenkoffer.de\/refblog\/wp-json\/wp\/v2\/types\/post"}],"author":[{"embeddable":true,"href":"https:\/\/www.juristenkoffer.de\/refblog\/wp-json\/wp\/v2\/users\/43"}],"replies":[{"embeddable":true,"href":"https:\/\/www.juristenkoffer.de\/refblog\/wp-json\/wp\/v2\/comments?post=5580"}],"version-history":[{"count":8,"href":"https:\/\/www.juristenkoffer.de\/refblog\/wp-json\/wp\/v2\/posts\/5580\/revisions"}],"predecessor-version":[{"id":5582,"href":"https:\/\/www.juristenkoffer.de\/refblog\/wp-json\/wp\/v2\/posts\/5580\/revisions\/5582"}],"wp:attachment":[{"href":"https:\/\/www.juristenkoffer.de\/refblog\/wp-json\/wp\/v2\/media?parent=5580"}],"wp:term":[{"taxonomy":"category","embeddable":true,"href":"https:\/\/www.juristenkoffer.de\/refblog\/wp-json\/wp\/v2\/categories?post=5580"},{"taxonomy":"post_tag","embeddable":true,"href":"https:\/\/www.juristenkoffer.de\/refblog\/wp-json\/wp\/v2\/tags?post=5580"}],"curies":[{"name":"wp","href":"https:\/\/api.w.org\/{rel}","templated":true}]}}