{"id":5562,"date":"2012-04-22T15:50:19","date_gmt":"2012-04-22T13:50:19","guid":{"rendered":"http:\/\/www.juristenkoffer.de\/refblog\/?p=5562"},"modified":"2013-12-12T15:22:20","modified_gmt":"2013-12-12T14:22:20","slug":"referendariat-in-owl-50-muendliche-abschlusspruefung","status":"publish","type":"post","link":"https:\/\/www.juristenkoffer.de\/refblog\/nrw\/referendariat-in-owl-50-muendliche-abschlusspruefung\/","title":{"rendered":"Referendariat in OWL (50) &#8211; M\u00fcndliche Abschlusspr\u00fcfung"},"content":{"rendered":"<p><img loading=\"lazy\" decoding=\"async\" class=\"alignleft size-full wp-image-5606\" title=\"pr\u00fcfung\" alt=\"\" src=\"https:\/\/www.juristenkoffer.de\/refblog\/wp-content\/uploads\/2012\/04\/pr\u00fcfung1.jpg\" width=\"150\" height=\"150\" \/>Es ist endlich so weit. N\u00e4chste Woche habe ich meine\u00a0 m\u00fcndliche Pr\u00fcfung im <strong>Justizministerium D\u00fcsseldorf<\/strong> mit einem Aktenvortrag im Zivilrecht &#8211; juhu, kein Arbeitsrecht. Die Ladung kam im normalen Brief ca. 3 Wochen vorm Termin. Wie bei der Klausurenladung muss man ein Emfpangsbekenntnis unterschreiben und zur\u00fccksenden. Protokolle kann man auf der Seite <a href=\"http:\/\/www.protokolle-assessorexamen.de\/\">protokolle-assessorexamen.de<\/a> bestellen.<!--more--> Die Protokolle kann man direkt nach Ausf\u00fcllen des Bestellformulars als PDF-Dokument abrufen!<\/p>\n<p>2 meiner Pr\u00fcfer werden in den Protokollen durchweg als schwierig beschrieben, weil man nie genau w\u00fc\u00dfte, worauf sie hinauswollen, und sie auch nicht protokollfest seien. Lediglich der Strafrechtler soll einen guten Pr\u00fcfungsstil haben, auch wenn er seinerseits nicht protokollfest sei. Die <strong>Pr\u00fcfung wird also eine echte Wundert\u00fcte<\/strong>, bei der man auf alles gefasst sein sollte. Also dr\u00fcckt mir die Daumen!!! Ich werde nach meiner R\u00fcckkehr aus dem Rheinland berichten.<\/p>\n<p>Eine Anmerkung noch zu den Protokollen: Mir ist aufgefallen, dass viele Protokollanten nur ihre Pflicht zum Schreiben von 3 Seiten\u00a0 irgendwie erf\u00fcllen wollten. Vergleicht man den Inhalt des Protokolls mit anderen Protokollen vom gleichen Tag fallen da schon ein paar Unterschiede auf. Au\u00dferdem d\u00fcrften die teilweise vielen Rechtschreibfehler einer durchzechten Nacht geschuldet sein \ud83d\ude2e .Trotzdem eignen sich die Protokolle gut, um einen ersten Eindruck von den Pr\u00fcfern zu gewinnen und sich so zu beruhigen.<\/p>\n","protected":false},"excerpt":{"rendered":"<p>Es ist endlich so weit. N\u00e4chste Woche habe ich meine\u00a0 m\u00fcndliche Pr\u00fcfung im Justizministerium D\u00fcsseldorf mit einem Aktenvortrag im Zivilrecht &#8211; juhu, kein Arbeitsrecht. Die Ladung kam im normalen Brief ca. 3 Wochen vorm Termin. Wie bei der Klausurenladung muss man ein Emfpangsbekenntnis unterschreiben und zur\u00fccksenden. Protokolle kann man auf der Seite protokolle-assessorexamen.de bestellen.<\/p>\n","protected":false},"author":26,"featured_media":0,"comment_status":"open","ping_status":"open","sticky":false,"template":"","format":"standard","meta":{"footnotes":""},"categories":[41,51],"tags":[205,1237,34],"class_list":["post-5562","post","type-post","status-publish","format-standard","hentry","category-nrw","category-examen","tag-muendliche-pruefung","tag-nrw","tag-olg-hamm"],"_links":{"self":[{"href":"https:\/\/www.juristenkoffer.de\/refblog\/wp-json\/wp\/v2\/posts\/5562","targetHints":{"allow":["GET"]}}],"collection":[{"href":"https:\/\/www.juristenkoffer.de\/refblog\/wp-json\/wp\/v2\/posts"}],"about":[{"href":"https:\/\/www.juristenkoffer.de\/refblog\/wp-json\/wp\/v2\/types\/post"}],"author":[{"embeddable":true,"href":"https:\/\/www.juristenkoffer.de\/refblog\/wp-json\/wp\/v2\/users\/26"}],"replies":[{"embeddable":true,"href":"https:\/\/www.juristenkoffer.de\/refblog\/wp-json\/wp\/v2\/comments?post=5562"}],"version-history":[{"count":11,"href":"https:\/\/www.juristenkoffer.de\/refblog\/wp-json\/wp\/v2\/posts\/5562\/revisions"}],"predecessor-version":[{"id":5564,"href":"https:\/\/www.juristenkoffer.de\/refblog\/wp-json\/wp\/v2\/posts\/5562\/revisions\/5564"}],"wp:attachment":[{"href":"https:\/\/www.juristenkoffer.de\/refblog\/wp-json\/wp\/v2\/media?parent=5562"}],"wp:term":[{"taxonomy":"category","embeddable":true,"href":"https:\/\/www.juristenkoffer.de\/refblog\/wp-json\/wp\/v2\/categories?post=5562"},{"taxonomy":"post_tag","embeddable":true,"href":"https:\/\/www.juristenkoffer.de\/refblog\/wp-json\/wp\/v2\/tags?post=5562"}],"curies":[{"name":"wp","href":"https:\/\/api.w.org\/{rel}","templated":true}]}}