{"id":5527,"date":"2012-04-26T08:27:58","date_gmt":"2012-04-26T06:27:58","guid":{"rendered":"http:\/\/www.juristenkoffer.de\/refblog\/?p=5527"},"modified":"2012-04-23T11:47:02","modified_gmt":"2012-04-23T09:47:02","slug":"erneuter-anstieg-der-zahl-der-anwaelte","status":"publish","type":"post","link":"https:\/\/www.juristenkoffer.de\/refblog\/nach-dem-referendariat\/erneuter-anstieg-der-zahl-der-anwaelte\/","title":{"rendered":"Erneuter Anstieg der Zahl der Anw\u00e4lte"},"content":{"rendered":"<p><img loading=\"lazy\" decoding=\"async\" class=\"alignleft size-full wp-image-5531\" title=\"\" src=\"https:\/\/www.juristenkoffer.de\/refblog\/wp-content\/uploads\/2012\/04\/header_journalisten1.gif\" alt=\"\" width=\"150\" height=\"165\" \/>Die Bundesrechtsanwaltskammer hat in einer <a href=\"http:\/\/www.brak.de\/fuer-journalisten\/pressemitteilungen-archiv\/2012\/presseerklaerung-2-2012\/\" target=\"_blank\">Presseerkl\u00e4rung<\/a> die Entwicklung der Zahlen in der Anwaltschaft im Jahr 2011 bekannt gegeben. Danach ist die Zahl der Anw\u00e4lte auch im letzten Jahr angestiegen. Zum 01.01.2012 waren 158.426 Rechtsanw\u00e4lte zugelassen, im Jahr 2010 waren es noch 155.679, was einen Anstieg um 1,76 % ergibt. Es bleibt also auch f\u00fcr die Referendare, die demn\u00e4chst den Jobeinstieg meistern m\u00fcssen, schwierig, sich im Anwaltsmarkt zu etablieren.<!--more--><\/p>\n<p>Man kann der Statistik der BRAK aber auch was Gutes abgewinnen: Der Zuwachs in der Anwaltschaft fiel wieder niedriger aus als die durchschnittliche Steigerungsrate der letzten 10 Jahre; die Anwaltschaft w\u00e4chst also langsamer!<\/p>\n","protected":false},"excerpt":{"rendered":"<p>Die Bundesrechtsanwaltskammer hat in einer Presseerkl\u00e4rung die Entwicklung der Zahlen in der Anwaltschaft im Jahr 2011 bekannt gegeben. Danach ist die Zahl der Anw\u00e4lte auch im letzten Jahr angestiegen. Zum 01.01.2012 waren 158.426 Rechtsanw\u00e4lte zugelassen, im Jahr 2010 waren es noch 155.679, was einen Anstieg um 1,76 % ergibt. Es bleibt also auch f\u00fcr die [&hellip;]<\/p>\n","protected":false},"author":2,"featured_media":0,"comment_status":"open","ping_status":"open","sticky":false,"template":"","format":"standard","meta":{"footnotes":""},"categories":[49],"tags":[1103,612,716,1104],"class_list":["post-5527","post","type-post","status-publish","format-standard","hentry","category-nach-dem-referendariat","tag-anstieg","tag-rechtsanwaelte","tag-statistik","tag-zulassungen"],"_links":{"self":[{"href":"https:\/\/www.juristenkoffer.de\/refblog\/wp-json\/wp\/v2\/posts\/5527","targetHints":{"allow":["GET"]}}],"collection":[{"href":"https:\/\/www.juristenkoffer.de\/refblog\/wp-json\/wp\/v2\/posts"}],"about":[{"href":"https:\/\/www.juristenkoffer.de\/refblog\/wp-json\/wp\/v2\/types\/post"}],"author":[{"embeddable":true,"href":"https:\/\/www.juristenkoffer.de\/refblog\/wp-json\/wp\/v2\/users\/2"}],"replies":[{"embeddable":true,"href":"https:\/\/www.juristenkoffer.de\/refblog\/wp-json\/wp\/v2\/comments?post=5527"}],"version-history":[{"count":8,"href":"https:\/\/www.juristenkoffer.de\/refblog\/wp-json\/wp\/v2\/posts\/5527\/revisions"}],"predecessor-version":[{"id":5637,"href":"https:\/\/www.juristenkoffer.de\/refblog\/wp-json\/wp\/v2\/posts\/5527\/revisions\/5637"}],"wp:attachment":[{"href":"https:\/\/www.juristenkoffer.de\/refblog\/wp-json\/wp\/v2\/media?parent=5527"}],"wp:term":[{"taxonomy":"category","embeddable":true,"href":"https:\/\/www.juristenkoffer.de\/refblog\/wp-json\/wp\/v2\/categories?post=5527"},{"taxonomy":"post_tag","embeddable":true,"href":"https:\/\/www.juristenkoffer.de\/refblog\/wp-json\/wp\/v2\/tags?post=5527"}],"curies":[{"name":"wp","href":"https:\/\/api.w.org\/{rel}","templated":true}]}}