{"id":5260,"date":"2012-03-13T18:54:16","date_gmt":"2012-03-13T17:54:16","guid":{"rendered":"http:\/\/www.juristenkoffer.de\/refblog\/?p=5260"},"modified":"2012-03-13T18:59:44","modified_gmt":"2012-03-13T17:59:44","slug":"examen-im-maerz-wieder-ein-strafurteil-als-s2-klausur","status":"publish","type":"post","link":"https:\/\/www.juristenkoffer.de\/refblog\/nrw\/examen-im-maerz-wieder-ein-strafurteil-als-s2-klausur\/","title":{"rendered":"Examen im M\u00e4rz: Wieder ein Strafurteil als S2-Klausur"},"content":{"rendered":"<p><img loading=\"lazy\" decoding=\"async\" class=\"alignleft size-full wp-image-5261\" title=\"\" src=\"https:\/\/www.juristenkoffer.de\/refblog\/wp-content\/uploads\/2012\/03\/paper.png\" alt=\"\" width=\"150\" height=\"150\" \/>Im Januar hatten wir hier im RefBlog <a href=\"https:\/\/www.juristenkoffer.de\/refblog\/nrw\/examensklausuren-2011-revison-oder-strafurteil\/\">dar\u00fcber berichtet<\/a>, was im Jahr 2011 als S2-Klausur in NRW lief. Grunds\u00e4tzlich m\u00f6glich sind Revision oder Strafurteil, wobei die meisten Referendare sich eher eine Revisionsklausur w\u00fcnschen. Wir haben darauf hingewiesen, dass in den letzten Jahren vor allem in den Monaten M\u00e4rz, Juli und Sepetmber ein Urteil zu schreiben war.<\/p>\n<p>Dieser Trend scheint sich\u00a02012 fortzusetzen. <!--more-->Heute lief laut <a href=\"http:\/\/www.juraexamen.com\/forum\/viewtopic.php?t=12277&amp;start=45\" target=\"_blank\">Beitrag im Forum von Juraexamen.com<\/a> als S2-Klausur wieder ein Urteil. Das LJPA in NRW scheint in dieser Hinsicht &#8222;berechenbar&#8220; zu sein!<\/p>\n<p>Eine Zusammenfassung der Sachverhalte werden wir nach Abschluss des Durchgangs wie immer in unsere Rubrik <a href=\"https:\/\/www.juristenkoffer.de\/refblog\/kategorie\/klausuren-examen\/\">&#8222;Was lief in den Klausuren&#8220;<\/a> einstellen.<\/p>\n","protected":false},"excerpt":{"rendered":"<p>Im Januar hatten wir hier im RefBlog dar\u00fcber berichtet, was im Jahr 2011 als S2-Klausur in NRW lief. Grunds\u00e4tzlich m\u00f6glich sind Revision oder Strafurteil, wobei die meisten Referendare sich eher eine Revisionsklausur w\u00fcnschen. Wir haben darauf hingewiesen, dass in den letzten Jahren vor allem in den Monaten M\u00e4rz, Juli und Sepetmber ein Urteil zu schreiben [&hellip;]<\/p>\n","protected":false},"author":2,"featured_media":0,"comment_status":"open","ping_status":"open","sticky":false,"template":"","format":"standard","meta":{"footnotes":""},"categories":[41,51],"tags":[915,86,29],"class_list":["post-5260","post","type-post","status-publish","format-standard","hentry","category-nrw","category-examen","tag-revison","tag-s2-klausur","tag-strafurteil"],"_links":{"self":[{"href":"https:\/\/www.juristenkoffer.de\/refblog\/wp-json\/wp\/v2\/posts\/5260","targetHints":{"allow":["GET"]}}],"collection":[{"href":"https:\/\/www.juristenkoffer.de\/refblog\/wp-json\/wp\/v2\/posts"}],"about":[{"href":"https:\/\/www.juristenkoffer.de\/refblog\/wp-json\/wp\/v2\/types\/post"}],"author":[{"embeddable":true,"href":"https:\/\/www.juristenkoffer.de\/refblog\/wp-json\/wp\/v2\/users\/2"}],"replies":[{"embeddable":true,"href":"https:\/\/www.juristenkoffer.de\/refblog\/wp-json\/wp\/v2\/comments?post=5260"}],"version-history":[{"count":5,"href":"https:\/\/www.juristenkoffer.de\/refblog\/wp-json\/wp\/v2\/posts\/5260\/revisions"}],"predecessor-version":[{"id":5265,"href":"https:\/\/www.juristenkoffer.de\/refblog\/wp-json\/wp\/v2\/posts\/5260\/revisions\/5265"}],"wp:attachment":[{"href":"https:\/\/www.juristenkoffer.de\/refblog\/wp-json\/wp\/v2\/media?parent=5260"}],"wp:term":[{"taxonomy":"category","embeddable":true,"href":"https:\/\/www.juristenkoffer.de\/refblog\/wp-json\/wp\/v2\/categories?post=5260"},{"taxonomy":"post_tag","embeddable":true,"href":"https:\/\/www.juristenkoffer.de\/refblog\/wp-json\/wp\/v2\/tags?post=5260"}],"curies":[{"name":"wp","href":"https:\/\/api.w.org\/{rel}","templated":true}]}}