{"id":5193,"date":"2025-04-22T02:04:01","date_gmt":"2025-04-22T02:04:01","guid":{"rendered":"http:\/\/www.juristenkoffer.de\/refblog\/?p=5193"},"modified":"2023-03-09T11:50:34","modified_gmt":"2023-03-09T09:50:34","slug":"hilfreicher-vordruck-fuer-das-plaedoyer-in-der-sitzungsvertretung","status":"publish","type":"post","link":"https:\/\/www.juristenkoffer.de\/refblog\/strafrechtsstation\/hilfreicher-vordruck-fuer-das-plaedoyer-in-der-sitzungsvertretung\/","title":{"rendered":"Hilfreicher Vordruck f\u00fcr das Pl\u00e4doyer in der Sitzungsvertretung"},"content":{"rendered":"<p><img loading=\"lazy\" decoding=\"async\" class=\"alignleft size-full wp-image-5197\" title=\"\" src=\"https:\/\/www.juristenkoffer.de\/refblog\/wp-content\/uploads\/2012\/12\/MP9004224421.jpg\" alt=\"\" width=\"150\" height=\"172\" \/>Gerade wenn man das erste Mal als Sitzungsvertreter eingeteilt ist, ist man sicherlich nerv\u00f6ser als sonst und beim Pl\u00e4doyer schl\u00e4gt der Puls h\u00f6her. Das sind die &#8222;besten Voraussetzungen&#8220; daf\u00fcr, dass man beim Pl\u00e4dieren Punkte vergisst, auf die man eigentlich eingehen wollte. Dramatisch ist das sicherlich nicht, selbst die Angeklagten, die deutlich mehr Erfahrungen vor Gericht haben, merken davon nichts! \ud83d\ude42 Im Netz haben wir aber eine hilfreiche Vorlage gefunden, mit der man eigentlich nichts vergessen kann. <!--more-->Im Gegenteil: Der von dem ehemaligen Referendar <a href=\"http:\/\/www.martin.mueller.mw\/index.php?q=node\/5\" target=\"_blank\" rel=\"noopener\">Martin M\u00fcller<\/a> online gestellte Vordruck ist fast zu ausf\u00fchrlich und listet alles auf, an was man\u00a0im besten Falle\u00a0denken sollte.<\/p>\n<p style=\"border:1px solid; padding: 5px; margin: 2px 0px 10px 0px; line-height: 150%\">\n\t\t\t\tDie RefNews sind das Blog von Juristenkoffer.de - einem der ersten und mit weit mehr als 35.000 zufriedenen Kunden einem der gr\u00f6\u00dften Vermieter von Kommentaren in Deutschland. Bist Du bereits Rechtsreferendar, hast Dir aber noch keinen Juristenkoffer reserviert? Dann informiere Dich jetzt \u00fcber unser Angebot und <a href=\"https:\/\/www.juristenkoffer.de\/angebot.php?rel=textartikelrefnews\" target=\"_blank\">sichere Dir schnell Deine Examenskommentare<\/a>!\n\t\t\t\t<\/p>\n<p>Hilfreich dabei sind insbesondere die Auflistung der typischen Umst\u00e4nde, die im Rahmen der Strafzumessung zugunsten bzw. zulasten des Angeklagten zu ber\u00fccksichtigen sind, die m\u00f6glichen weiteren Antr\u00e4ge in einem Verfahren (z.B Entziehung der Fahrerlaubnis oder Einziehung von Gegenst\u00e4nden) sowie schlie\u00dflich die m\u00f6glichen Antr\u00e4ge, wenn der Angeklagte gar nicht erst zur Verhandlung erscheint. Letzteres kommt \u00fcbrigens \u00f6fter vor als man glauben mag und ist ein Punkt, auf den man sich im Vorfeld am wenigsten vorbereitet hat.<\/p>\n<p>Wie gesagt: Der Vordruck ist schon sehr ausf\u00fchrlich. Ob man ihn daher tats\u00e4chlich in der Verhandlung nutzen m\u00f6chte, ist jedem selbst \u00fcberlassen. Aber es kann sicherlich nicht schaden, sich auch im Vorfeld der Verhandlung mit dieser \u00dcbersicht nochmals klarzumachen, auf was es ankommen kann und welche Punkte das Pl\u00e4doyer beinhalten sollte. So ist man auf jeden Fall ausreichend vorbereitet!<\/p>\n<p>-&gt; Links: <a href=\"http:\/\/martin.mueller.mw\/Plaedoyer_Erwachsener.pdf\" rel=\"noopener\">Pl\u00e4doyer-Vordruck\u00a0Erwachsener<\/a> \/ <a href=\"http:\/\/martin.mueller.mw\/Plaedoyer_Jugendlicher.pdf\" rel=\"noopener\">Pl\u00e4doyer-Vordruck Jugendlicher<\/a><\/p>\n<p>Bei Problemen beim \u00d6ffnen der PDFs kannst Du diese Dateien auch auf der Seite von <a href=\"http:\/\/www.martin.mueller.mw\/index.php?q=node\/5\" target=\"_blank\" rel=\"noopener\">Martin M\u00fcller<\/a> \u00f6ffnen. Sollten die Links gar nicht mehr funktionieren, sende uns bitte eine E-Mail an info@juristenkoffer.de. Wir werden diese dann aktualisieren! [RefN]<\/p>\n","protected":false},"excerpt":{"rendered":"<p>Gerade wenn man das erste Mal als Sitzungsvertreter eingeteilt ist, ist man sicherlich nerv\u00f6ser als sonst und beim Pl\u00e4doyer schl\u00e4gt der Puls h\u00f6her. Das sind die &#8222;besten Voraussetzungen&#8220; daf\u00fcr, dass man beim Pl\u00e4dieren Punkte vergisst, auf die man eigentlich eingehen wollte. Dramatisch ist das sicherlich nicht, selbst die Angeklagten, die deutlich mehr Erfahrungen vor Gericht [&hellip;]<\/p>\n","protected":false},"author":2,"featured_media":0,"comment_status":"open","ping_status":"open","sticky":false,"template":"","format":"standard","meta":{"footnotes":""},"categories":[4],"tags":[179,1231,1048,1047],"class_list":["post-5193","post","type-post","status-publish","format-standard","hentry","category-strafrechtsstation","tag-sitzungsvertretung","tag-strafrechtsstation","tag-strafzumessung","tag-vorlage-plaedoyer"],"_links":{"self":[{"href":"https:\/\/www.juristenkoffer.de\/refblog\/wp-json\/wp\/v2\/posts\/5193","targetHints":{"allow":["GET"]}}],"collection":[{"href":"https:\/\/www.juristenkoffer.de\/refblog\/wp-json\/wp\/v2\/posts"}],"about":[{"href":"https:\/\/www.juristenkoffer.de\/refblog\/wp-json\/wp\/v2\/types\/post"}],"author":[{"embeddable":true,"href":"https:\/\/www.juristenkoffer.de\/refblog\/wp-json\/wp\/v2\/users\/2"}],"replies":[{"embeddable":true,"href":"https:\/\/www.juristenkoffer.de\/refblog\/wp-json\/wp\/v2\/comments?post=5193"}],"version-history":[{"count":12,"href":"https:\/\/www.juristenkoffer.de\/refblog\/wp-json\/wp\/v2\/posts\/5193\/revisions"}],"predecessor-version":[{"id":12467,"href":"https:\/\/www.juristenkoffer.de\/refblog\/wp-json\/wp\/v2\/posts\/5193\/revisions\/12467"}],"wp:attachment":[{"href":"https:\/\/www.juristenkoffer.de\/refblog\/wp-json\/wp\/v2\/media?parent=5193"}],"wp:term":[{"taxonomy":"category","embeddable":true,"href":"https:\/\/www.juristenkoffer.de\/refblog\/wp-json\/wp\/v2\/categories?post=5193"},{"taxonomy":"post_tag","embeddable":true,"href":"https:\/\/www.juristenkoffer.de\/refblog\/wp-json\/wp\/v2\/tags?post=5193"}],"curies":[{"name":"wp","href":"https:\/\/api.w.org\/{rel}","templated":true}]}}