{"id":517,"date":"2009-04-18T11:10:24","date_gmt":"2009-04-18T09:10:24","guid":{"rendered":"http:\/\/www.juristenkoffer.de\/refblog\/?p=517"},"modified":"2009-04-18T11:16:46","modified_gmt":"2009-04-18T09:16:46","slug":"ende-der-zivilrechtsstation","status":"publish","type":"post","link":"https:\/\/www.juristenkoffer.de\/refblog\/zivilrechtsstation\/ende-der-zivilrechtsstation\/","title":{"rendered":"Ende der Zivilrechtsstation"},"content":{"rendered":"<p>Da bin ich gef\u00fchlt erst gestern ins Referendariat gestartet, und schon ist die erste Station Ende diesen Monats\u00a0vorbei! Es ist Zeit, ein kurzes Fazit zu ziehen zur Ausbildung in der AG und am Gericht sowie allgemein zum Referendariat:<\/p>\n<p><strong>Die Arbeitsgemeinschaft<\/strong><\/p>\n<p>Insgesamt bin ich mit dem bisherigen Verlauf des Referendariats sehr zufrieden. Ich habe eine nette Arbeitsgemeinschaft erwischt. Einige meiner Kollegen wohnen so wie ich am Ort des LG\u00b4s, so dass wir auch au\u00dferhalb des Refs am Wochenende viel miteinander unternehmen. Insofern d\u00fcrfte das jetzt das letzte mal so sein, dass man ein &#8222;Schulklassen-Gef\u00fchl&#8220; hat, das nat\u00fcrlich auch durch die &#8222;Klassenfahrt&#8220;, der AG-Fahrt, so aufgekommen ist!<\/p>\n<p><strong>Die Ausbildung<\/strong><\/p>\n<p>Mit der Ausbildung bin ich auch soweit zufrieden, auch wenn ich meine Vors\u00e4tze nicht immer eingehalten habe und nun doch schon etwas mit dem Stoff der Zivilrechtsstation zur\u00fcckh\u00e4nge. Und auch die Klausurnoten m\u00fcssen in den n\u00e4chsten Stationen, sp\u00e4testens aber dann Anfang der Anwaltsstation besser werden. Zurzeit bestehe ich zwar die Klausuren, aber die Ergebnisse liegen nur zwischen 5-8 Punkten&#8230; \u00a0Da ich aber bef\u00fcrchte, dass im\u00a0Examen die Klausuren schwieriger sind und strenger bewertet werden, sollte ich mich darauf sicherlich nicht ausruhen.<\/p>\n<p><strong>Geschenk f\u00fcr den Ausbilder?<\/strong><\/p>\n<p>Und auch mit meinem Ausbilder beim Amtsgericht habe ich Gl\u00fcck gehabt. Ich habe nicht zu viele Akten bearbeiten m\u00fcssen, aber dennoch eine Menge gelernt. Da stellt sich aber noch die Frage, ob es \u00fcblich bzw. in Ordnung ist, dem Ausbilder am Ende der Station etwas zu schenken, so als Dankesch\u00f6n f\u00fcr die Betreuung? Und wenn ja, was kommt da als Geschenk in Frage? F\u00fcr Meinungen bin ich dankbar, nicht dass ich am Ende der Station dann doch noch mal komplett daneben liege \ud83d\ude42<\/p>\n<p>Und nat\u00fcrlich werde ich dann auch noch in den n\u00e4chsten Stationen hier im RefBlog \u00fcber meine Erlebnisse und Erfahrungen schreiben!<\/p>\n","protected":false},"excerpt":{"rendered":"<p>Da bin ich gef\u00fchlt erst gestern ins Referendariat gestartet, und schon ist die erste Station Ende diesen Monats vorbei!<\/p>\n<p>Es ist Zeit, ein kurzes Fazit zu ziehen zur Ausbildung in der AG und am Gericht sowie allgemein zum Referendariat &#8230;<\/p>\n","protected":false},"author":5,"featured_media":0,"comment_status":"open","ping_status":"open","sticky":false,"template":"","format":"standard","meta":{"footnotes":""},"categories":[8],"tags":[173,1234],"class_list":["post-517","post","type-post","status-publish","format-standard","hentry","category-zivilrechtsstation","tag-fazit","tag-zivilrechtsstation"],"_links":{"self":[{"href":"https:\/\/www.juristenkoffer.de\/refblog\/wp-json\/wp\/v2\/posts\/517","targetHints":{"allow":["GET"]}}],"collection":[{"href":"https:\/\/www.juristenkoffer.de\/refblog\/wp-json\/wp\/v2\/posts"}],"about":[{"href":"https:\/\/www.juristenkoffer.de\/refblog\/wp-json\/wp\/v2\/types\/post"}],"author":[{"embeddable":true,"href":"https:\/\/www.juristenkoffer.de\/refblog\/wp-json\/wp\/v2\/users\/5"}],"replies":[{"embeddable":true,"href":"https:\/\/www.juristenkoffer.de\/refblog\/wp-json\/wp\/v2\/comments?post=517"}],"version-history":[{"count":4,"href":"https:\/\/www.juristenkoffer.de\/refblog\/wp-json\/wp\/v2\/posts\/517\/revisions"}],"predecessor-version":[{"id":519,"href":"https:\/\/www.juristenkoffer.de\/refblog\/wp-json\/wp\/v2\/posts\/517\/revisions\/519"}],"wp:attachment":[{"href":"https:\/\/www.juristenkoffer.de\/refblog\/wp-json\/wp\/v2\/media?parent=517"}],"wp:term":[{"taxonomy":"category","embeddable":true,"href":"https:\/\/www.juristenkoffer.de\/refblog\/wp-json\/wp\/v2\/categories?post=517"},{"taxonomy":"post_tag","embeddable":true,"href":"https:\/\/www.juristenkoffer.de\/refblog\/wp-json\/wp\/v2\/tags?post=517"}],"curies":[{"name":"wp","href":"https:\/\/api.w.org\/{rel}","templated":true}]}}