{"id":5150,"date":"2012-03-03T09:36:40","date_gmt":"2012-03-03T08:36:40","guid":{"rendered":"http:\/\/www.juristenkoffer.de\/refblog\/?p=5150"},"modified":"2012-03-03T11:17:50","modified_gmt":"2012-03-03T10:17:50","slug":"sie-fuehren-die-dienstbezeichnung-referendarin","status":"publish","type":"post","link":"https:\/\/www.juristenkoffer.de\/refblog\/zivilrechtsstation\/sie-fuehren-die-dienstbezeichnung-referendarin\/","title":{"rendered":"Sie f\u00fchren die Dienstbezeichnung &#8222;Referendarin&#8220;"},"content":{"rendered":"<p><img loading=\"lazy\" decoding=\"async\" class=\"alignleft size-full wp-image-5171\" src=\"https:\/\/www.juristenkoffer.de\/refblog\/wp-content\/uploads\/2012\/03\/vuvukmoi.jpg\" alt=\"\" width=\"150\" height=\"165\" \/>Endlich ist es soweit&#8230;das Referendariat hat begonnen. Der erste Tag ist also vorbei und ich bin nun Referendarin *Jubelst\u00fcrme*. \ud83d\ude09<\/p>\n<p>Ich muss sagen, dass es ein sehr angenehmer Einstieg war&#8230;aber viel ist ja auch noch nicht passiert. \ud83d\ude09 Wir sind eine recht kleine, \u00fcberschaubare, Gruppe an Referendaren in der AG, was ich soweit auch ganz gut finde. Die Stimmung in der Gruppe war von Anfang an auch sehr gut. <!--more-->Jeder hat sich sofort mit Namen vorgestellt, woher er kommt, wo er studiert hat und es war gleich ein munteres Geplapper&#8230;wie in einem Papageienk\u00e4fig. \ud83d\ude00\u00a0Mein AG-Leiter scheint soweit auch ganz nett zu sein. So richtig zeigen wird sich das aber erst ab kommender Woche wenn es mit der AG richtig losgeht. Am Donnerstag, dem Dienstantrittstag,\u00a0wurden wir herzlich begr\u00fc\u00dft und haben lediglich die Formalit\u00e4ten abgehandelt und ich war sooo froh, als ich diesen Berg an immer-gleichen-Unterlagen endlich los war&#8230;wie oft ich z.B. meinen Geburtstag auf zig verschiedenen (aber doch immer wieder irgendwie\u00a0gleichen) Dokumenten angeben musste: unfassbar&#8230;ich rechnete insgeheim\u00a0ja schon mit einem Geburtstagsgeschenk, meinen Geburtstag m\u00fcsste\u00a0man ja nun im Schlaf\u00a0aufsagen k\u00f6nnen\u00a0\ud83d\ude09 Allerdings habe ich\u00a0auch direkt am ersten Tag\u00a0erfahren, dass wir keinerlei Geschenke annehmen d\u00fcrfen, dar\u00fcber gab es\u00a0sogar ein Infoblatt (&#8222;Verbot der Annahme von\u00a0Belohnungen und Geschenken&#8220;)&#8230;wird dann wohl also doch nichts mit dem Geburtstagsgeschenk&#8230;!\u00a0\ud83d\ude09 Nachdem der Stapel an Unterlagen endlich abgegeben war (wir wurden einzeln nach vorne gerufen, haben dann unsere Unterlagen abgegeben und es wurde direkt geguckt ob alles vollst\u00e4ndig ist, dann noch 3 Unterschriften leisten und das war es), bekamen wir dann wiederrum einen etwas gr\u00f6\u00dferen Papierstapel zur\u00fcck ausgeh\u00e4ndigt (+ noch\u00a0einen USB-Stick\u00a0&#8222;zur dienstlichen Verwendung&#8220;)&#8230;also quasi vom Regen in die Traufe. \ud83d\ude09 Wenn bei irgendwem was fehlte (z.B. eine Kopie) wurde dies freundlicherweise direkt vor Ort noch nachgemacht, sonstige fehlende Unterlagen sollte man dann schnellstm\u00f6glich nachreichen. Bei mir war aber zum Gl\u00fcck direkt alles vollst\u00e4ndig.<\/p>\n<p>Anschlie\u00dfend wurden kurz einige Dinge erl\u00e4utert die wir aber allesamt auch nochmal schriftlich bekommen haben. Dieser &#8211; man kann es nicht anders nennen &#8211; regelrechte Papierberg den wir im Gegenzug bekommen haben (und ich war so froh, als\u00a0der ganze Papierkrams endlich weg war&#8230;Pustekuchen, da hab ich dann von der Menge\u00a0sogar mehr\u00a0wieder mit nach Hause genommen *g*), besteht aus diversem Infomaterial u.a.\u00a0zur Ausbildungsbrosch\u00fcre, zum\u00a0Referendarnewsletter, Dienstanweisungen, Informationen \u00fcber Dienstreisen, der Hinweis auf diverse Strafvorschriften, die Richtlinie zur Korruptionspr\u00e4vention und Korruptionsbek\u00e4mpfung in der Landesverwaltung ist mit abgedruckt, ein Merkblatt\u00a0zum AGG\u00a0etc. Also wirklich ein Haufen Papier. Ich\u00a0werde das Ganze\u00a0am Wochenende mal &#8222;querlesen&#8220;.<\/p>\n<p>Einige Infos die ich f\u00fcr relevant halte und\u00a0vielleicht f\u00fcr den ein oder anderen auch ganz interessant sein k\u00f6nnten:<\/p>\n<p><strong>1) Nebent\u00e4tigkeit<\/strong><br \/>\nEine Nebent\u00e4tigkeit\u00a0w\u00e4hrend des Referendariats ist im Umfang von 8 Std\/Woche (also max. 32 Std\/Monat) erlaubt (sofern man als wiss. Hilfskraft an der Universit\u00e4t t\u00e4tig ist erh\u00f6ht sich die max. Stundenanzahl auf 46 Std\/Monat).\u00a0Die Nebent\u00e4tigkeit ist nicht genehmigungs-, aber anzeigepflichtig. Ich habe neben dem Referendariat\u00a0eine Nebent\u00e4tigkeit und habe diese auch\u00a0direkt mit der Bewerbung f\u00fcr das Referendariat damals angegeben und nun noch einmal ein Schreiben erhalten, in dem mir f\u00fcr die Anzeige der Nebent\u00e4tigkeit gedankt wird, nochmal darauf aufmerksam gemacht wird, dass die Nebent\u00e4tigkeit eine gewisse Stundenzahl nicht \u00fcberschreiten darf und das ich auch bitte mitteilen soll, wenn die Nebent\u00e4tigkeit beendet ist. Ferner\u00a0war noch eine\u00a0Kopie der Mitteilung vom OLG, an das Landgericht\u00a0an dem\u00a0ich AG habe, dabei, dass das OLG um Mitteilung bittet, sofern die Ausbildung durch\u00a0meine Nebent\u00e4tigkeit beeintr\u00e4chtigt wird. Die Nebent\u00e4tigkeit kann dann ggf. untersagt werden, denn prim\u00e4r soll nat\u00fcrlich\u00a0das Referendariat im Vordergrund stehen und die Nebent\u00e4tigkeit darf auch nur au\u00dferhalb der festgelegten Arbeitszeiten ausge\u00fcbt werden.<\/p>\n<p>Bei meinem Nebenjob musste ich nun \u00fcbrigens eine Lohnsteuerkarte 6 abgeben, da die Lohnsteuerkarte 1\u00a0jetzt f\u00fcr das Referendariat ben\u00f6tigt wird. Da\u00a0wegen der elektronischen Umstellung keine neuen Lohnsteuerkarten mehr ausgestellt werden, bekommt man vom Finanzamt eine &#8222;Ersatzbescheinigung&#8220; ausgestellt. Auf der Seite von eurem Finanzamt m\u00fcsste es dazu ein Formular geben, ausf\u00fcllen, abschicken und nach 2 Tagen hatte ich meine Ersatzbescheinigung im Briefkasten. Ansonsten einfach anrufen und am Telefon wird einem schon geholfen. \ud83d\ude09 Ein Bekannter ist direkt zum Finanzamt gefahren und konnte sich die Bescheinigung nach einigen Minuten Wartezeit auch direkt mitnehmen. Das ganze ist jedenfalls relativ unproblematisch und geht auch recht schnell.<\/p>\n<p><strong>2) Der juristische Vorbereitungsdienst in Niedersachsen<\/strong><br \/>\nDie Informationsbrosch\u00fcre, die auf der Seite vom LJPA als pdf\u00a0zu finden\u00a0ist (&#8222;Der juristische Vorbereitungsdienst in Niedersachsen&#8220;), gab es \u00fcbrigens als kleines handliches Heftchen auch noch obendrauf. Bevor also jemand auf die Idee kommt sich diese ganzen Seiten auszudrucken (ich habe letzte Woche kurzzeitig mal dr\u00fcber nachgedacht, aber es Gott sei Dank dann doch gelassen): wartet euren ersten Tag als Referendar ab, spart eine Menge\u00a0Druckpapier. \ud83d\ude09\u00a0Die Informationsbrosch\u00fcre ist insofern ganz n\u00fctzlich, weil in ihr neben dem einschl\u00e4gigen NJAG\/NJAVO auch Ausbildungspl\u00e4ne und die Hinweise des LJPA zur schriftlichen\/m\u00fcndlichen Pr\u00fcfung im 2. Examen abgedruckt sind (man mag zwar jetzt noch gar\u00a0nicht an den Examenstermin denken, aber er kommt sicher schneller als man gucken kann).<\/p>\n<p><strong>3)\u00a0Fahrten mit \u00f6ffentlichen Verkehrsmittelm\u00a0(Ausbildungstarif vs. Gro\u00dfkundenrabatt)<\/strong><br \/>\nWeiterhin als nette Info was Fahrten mit \u00f6ffentlichen Verkehrsmitteln w\u00e4hrend der Referendarszeit betrifft: Man kommt als Referendar in den Genuss Tickets zum Ausbildungstarif zu bekommen (da man sich in einem \u00f6ffentlich-rechtlichen <strong>Ausbildung<\/strong>sverh\u00e4ltnis befindet). Dazu\u00a0einfach bei dem jeweiligen Unternehmen\u00a0das Schreiben, dass man nun Referendar ist,\u00a0vorlegen. Alternativ besteht zwischen der Justiz und der DB aber auch die Vereinbarung eines\u00a0Gro\u00dfkundenrabatts in H\u00f6he von 10% f\u00fcr Fahrten mit der DB, den auch wir als Referendare f\u00fcr Dienstreisen nutzen k\u00f6nnen. Kombinieren kann man beides zusammen aber\u00a0leider nicht und ich denke, dass man mit dem Ausbildungs-Tarif g\u00fcnstiger davonkommt als mit dem Gro\u00dfkundenrabatt, aber immerhin doch ein ganz nettes Angebot&#8230;und vielleicht lohnt es sich ja doch mal. Die Unterhaltsbeihilfe ist ja nun auch nicht sooo \u00fcppig. Jeder Cent der\u00a0gespart wird bringt mir immerhin eine\u00a0Kartoffel mehr auf den Teller (na gut, ganz so schlimm ist es dann doch nicht). \ud83d\ude09<\/p>\n<p><strong>4) Dresscode oder &#8222;Hilfe, was ziehe ich blo\u00df an?&#8220;<\/strong><br \/>\nAls\u00a0letzter Zwischeneinschub zu der oft gestellten \u00dcberlegung &#8222;was ziehe ich blo\u00df an am ersten Tag&#8220; auch noch folgender Hinweis (ich erhebe keine Anspruch darauf, dass es \u00fcberall genau so ist. Alles was ich in diesem Blog\u00a0schreibe kann nat\u00fcrlich nur meinen subjektiven Eindruck\/Erfahrungen wiedergeben): Nicht \u00fcbertreiben. Einige waren ein kleines bisschen &#8222;schicker&#8220; angezogen, andere v\u00f6llig &#8222;normal&#8220; in Alltagsklamotten (halt sauber und gepflegt, versteht sich aber denke ich von selbst). Als Vergleich z.B.\u00a0mit der m\u00fcndlichen Pr\u00fcfung kann ich jedenfalls sagen: so wie in der m\u00fcndlichen Pr\u00fcfung (also im Anzug oder komplettem Kombiteil (Blazer\/Rock o.\u00e4.)) ist bei\u00a0uns\u00a0niemand\u00a0erschienen und es war auch wirklich \u00fcberhaupt nicht n\u00f6tig. Eine saubere Hose (saubere Jeans oder\u00a0anderweitige dunkle\u00a0Hose), dazu eine Bluse\/Hemd oder aber auch ein stinknormaler Pullover (sofern es nicht gerade das totale Schlabberteil in neongelb ist) waren vollkommen ausreichend. Ich glaube mit Krawatte o.\u00e4. w\u00e4re man eher schon &#8222;negativ&#8220; aufgefallen, da wir wirklich alle (inkl. AG-Leiter)\u00a0recht &#8222;normal&#8220; angezogen waren (was nun nicht hei\u00dfen soll, dass Krawattentr\u00e4ger &#8222;unnormal&#8220; sind&#8230;ich denke aber ihr wisst was ich insgesamt sagen will). \ud83d\ude09<\/p>\n<p>Die ganze Abwicklung der Formalit\u00e4ten dauerte ca. 1 Stunde. Anschlie\u00dfend wurden wir noch ein wenig durch das Gericht gef\u00fchrt und das war es dann auch schon. Kommende Woche geht es dann das erste mal so richtig los mit der Arbeitsgemeinschaft. Einen Zeitplan wie die Zivilstation gegliedert ist (wann\/wo wir Arbeitsgemeinschaft\u00a0haben, was Gegenstand des jeweiligen AG-Termins ist, wann die 3 Klausuren\u00a0in der Zivilstation\u00a0geschrieben werden\u00a0etc.) haben wir auch direkt bekommen. Im Anschluss an den 3-w\u00f6chigen Einf\u00fchrungslehrgang geht es \u00fcbrigens nicht (wie ich Anfangs dachte)\u00a0direkt zum Ausbilder, sondern in der vierten Woche wird eine h\u00e4usliche Arbeit, eine Proberelation, geschrieben. Die Ausbildung am Arbeitsplatz beginnt somit in der\u00a0ersten Aprilwoche&#8230;und wie schon in meinem letzten Eintrag erw\u00e4hnt erfahre ich wohl n\u00e4chste Woche\u00a0an welches\u00a0Gericht ich f\u00fcr diese 1. Pflichtstation komme.<\/p>\n<p>Das war\u00a0er also,\u00a0der erste Tag und bisherige Eindruck&#8230;insgesamt\u00a0sehr positiv. Mal gucken, ob es auch so bleibt. \ud83d\ude42 Ich genie\u00dfe jetzt mein erstes (aber vielleicht auch vorerst letztes?!) freies Wochenende als Referendarin. \ud83d\ude42 Man liest sich kommende Woche.<\/p>\n<p>Referendarin Emily*\u00a0 (ok, das Referendarin lass ich zuk\u00fcnftig beim Unterschreiben weg&#8230;musste jetzt\u00a0nur mal sein. Ich wollte mal gucken wie\u00a0das aussieht\u00a0\ud83d\ude09 )<\/p>\n","protected":false},"excerpt":{"rendered":"<p>Endlich ist es soweit&#8230;das Referendariat hat begonnen. Der erste Tag ist also vorbei und ich bin nun Referendarin *Jubelst\u00fcrme*. \ud83d\ude09 Ich muss sagen, dass es ein sehr angenehmer Einstieg war&#8230;aber viel ist ja auch noch nicht passiert. \ud83d\ude09 Wir sind eine recht kleine, \u00fcberschaubare, Gruppe an Referendaren in der AG, was ich soweit auch ganz [&hellip;]<\/p>\n","protected":false},"author":43,"featured_media":0,"comment_status":"open","ping_status":"open","sticky":false,"template":"","format":"standard","meta":{"footnotes":""},"categories":[42,8],"tags":[571,1041,1042,246,95],"class_list":["post-5150","post","type-post","status-publish","format-standard","hentry","category-niedersachsen","category-zivilrechtsstation","tag-1-tag","tag-belehrung","tag-dresscode","tag-einstellung","tag-referendariat"],"_links":{"self":[{"href":"https:\/\/www.juristenkoffer.de\/refblog\/wp-json\/wp\/v2\/posts\/5150","targetHints":{"allow":["GET"]}}],"collection":[{"href":"https:\/\/www.juristenkoffer.de\/refblog\/wp-json\/wp\/v2\/posts"}],"about":[{"href":"https:\/\/www.juristenkoffer.de\/refblog\/wp-json\/wp\/v2\/types\/post"}],"author":[{"embeddable":true,"href":"https:\/\/www.juristenkoffer.de\/refblog\/wp-json\/wp\/v2\/users\/43"}],"replies":[{"embeddable":true,"href":"https:\/\/www.juristenkoffer.de\/refblog\/wp-json\/wp\/v2\/comments?post=5150"}],"version-history":[{"count":22,"href":"https:\/\/www.juristenkoffer.de\/refblog\/wp-json\/wp\/v2\/posts\/5150\/revisions"}],"predecessor-version":[{"id":5152,"href":"https:\/\/www.juristenkoffer.de\/refblog\/wp-json\/wp\/v2\/posts\/5150\/revisions\/5152"}],"wp:attachment":[{"href":"https:\/\/www.juristenkoffer.de\/refblog\/wp-json\/wp\/v2\/media?parent=5150"}],"wp:term":[{"taxonomy":"category","embeddable":true,"href":"https:\/\/www.juristenkoffer.de\/refblog\/wp-json\/wp\/v2\/categories?post=5150"},{"taxonomy":"post_tag","embeddable":true,"href":"https:\/\/www.juristenkoffer.de\/refblog\/wp-json\/wp\/v2\/tags?post=5150"}],"curies":[{"name":"wp","href":"https:\/\/api.w.org\/{rel}","templated":true}]}}