{"id":5089,"date":"2012-02-20T08:47:03","date_gmt":"2012-02-20T07:47:03","guid":{"rendered":"http:\/\/www.juristenkoffer.de\/refblog\/?p=5089"},"modified":"2012-02-19T20:17:27","modified_gmt":"2012-02-19T19:17:27","slug":"von-mir-aus-kann-es-losgehen","status":"publish","type":"post","link":"https:\/\/www.juristenkoffer.de\/refblog\/vor-dem-referendariat\/von-mir-aus-kann-es-losgehen\/","title":{"rendered":"Von mir aus kann es losgehen!"},"content":{"rendered":"<p><img loading=\"lazy\" decoding=\"async\" class=\"alignleft size-full wp-image-5102\" title=\"\" src=\"https:\/\/www.juristenkoffer.de\/refblog\/wp-content\/uploads\/2012\/02\/MP900443793.jpg\" alt=\"\" width=\"150\" height=\"150\" \/>Lange Zeit hat sich nichts getan (aber ich hatte ja auch soweit schon alle notwendigen Informationen erhalten, bis auf die Zeit zu der ich mich am 1. M\u00e4rz am LG einfinden soll und welchem Gericht ich in der 1. Pflichtstation zugewiesen bin), aber heute hatte ich Post vom LG im Briefkasten.<\/p>\n<p>In dem Schreiben wurde mir mitgeteilt wo und wann ich mich am 1. M\u00e4rz einzufinden habe. <!--more-->Zudem wurde noch einmal aufgez\u00e4hlt welche Unterlagen zum Dienstantritt mitzubringen sind und an welchen Tagen die zivilrechtliche Arbeitsgemeinschaft (beginnend mit der dreiw\u00f6chigen Einf\u00fchrungsphase und dann anschlie\u00dfend einmal w\u00f6chentlich) stattfinden wird. Zu der Arbeitsgemeinschaft ist entweder der Sch\u00f6nfelder oder eine vergleichbare Gesetzessammlung wie der Nomos\u00a0(Zivilrecht) mitzubringen.<\/p>\n<p>Welchem Gericht ich f\u00fcr die 1. Pflichtstation zugewiesen bin, erfahre ich\u00a0laut Schreiben \u00fcbrigens\u00a0in der ersten Woche der Einf\u00fchrungsphase. Am 1. M\u00e4rz werden\u00a0lediglich die Einstellungsformalit\u00e4ten abgewickelt und in der darauffolgenden Woche geht es dann richtig los.<\/p>\n<p>Die\u00a0mitzubringenden\u00a0Unterlagen (Personal- und Besoldungsfragebogen (2-fach), Lohnsteuerkarte bzw. Ersatzbescheinigung vom Finanzamt, ggf eine Kopie des Sozialversicherungsausweises, Personalbogen, Lichtbild (2-fach)) habe ich auch bereits ausgef\u00fcllt hier liegen. Von mir aus kann es also losgehen. \ud83d\ude42<\/p>\n<p>Bis zum n\u00e4chsten Eintrag&#8230;dann von &#8222;Referendarin&#8220; Emily mit (hoffentlich) spannenden, interessanten, witzigen, traurigen, frustrierten, unterhaltsamen,\u00a0aber immer optimistischen Eintr\u00e4gen aus der Welt der Referendare. \ud83d\ude09<\/p>\n<p>Emily*<\/p>\n","protected":false},"excerpt":{"rendered":"<p>Lange Zeit hat sich nichts getan (aber ich hatte ja auch soweit schon alle notwendigen Informationen erhalten, bis auf die Zeit zu der ich mich am 1. M\u00e4rz am LG einfinden soll und welchem Gericht ich in der 1. Pflichtstation zugewiesen bin), aber heute hatte ich Post vom LG im Briefkasten. In dem Schreiben wurde [&hellip;]<\/p>\n","protected":false},"author":43,"featured_media":0,"comment_status":"open","ping_status":"open","sticky":false,"template":"","format":"standard","meta":{"footnotes":""},"categories":[42,6],"tags":[1021,976,899,914,958],"class_list":["post-5089","post","type-post","status-publish","format-standard","hentry","category-niedersachsen","category-vor-dem-referendariat","tag-briefkasten","tag-dienstantritt","tag-pflichtstation","tag-schreiben","tag-zeit"],"_links":{"self":[{"href":"https:\/\/www.juristenkoffer.de\/refblog\/wp-json\/wp\/v2\/posts\/5089","targetHints":{"allow":["GET"]}}],"collection":[{"href":"https:\/\/www.juristenkoffer.de\/refblog\/wp-json\/wp\/v2\/posts"}],"about":[{"href":"https:\/\/www.juristenkoffer.de\/refblog\/wp-json\/wp\/v2\/types\/post"}],"author":[{"embeddable":true,"href":"https:\/\/www.juristenkoffer.de\/refblog\/wp-json\/wp\/v2\/users\/43"}],"replies":[{"embeddable":true,"href":"https:\/\/www.juristenkoffer.de\/refblog\/wp-json\/wp\/v2\/comments?post=5089"}],"version-history":[{"count":9,"href":"https:\/\/www.juristenkoffer.de\/refblog\/wp-json\/wp\/v2\/posts\/5089\/revisions"}],"predecessor-version":[{"id":5101,"href":"https:\/\/www.juristenkoffer.de\/refblog\/wp-json\/wp\/v2\/posts\/5089\/revisions\/5101"}],"wp:attachment":[{"href":"https:\/\/www.juristenkoffer.de\/refblog\/wp-json\/wp\/v2\/media?parent=5089"}],"wp:term":[{"taxonomy":"category","embeddable":true,"href":"https:\/\/www.juristenkoffer.de\/refblog\/wp-json\/wp\/v2\/categories?post=5089"},{"taxonomy":"post_tag","embeddable":true,"href":"https:\/\/www.juristenkoffer.de\/refblog\/wp-json\/wp\/v2\/tags?post=5089"}],"curies":[{"name":"wp","href":"https:\/\/api.w.org\/{rel}","templated":true}]}}