{"id":5055,"date":"2012-02-23T07:11:37","date_gmt":"2012-02-23T06:11:37","guid":{"rendered":"http:\/\/www.juristenkoffer.de\/refblog\/?p=5055"},"modified":"2013-02-25T18:29:31","modified_gmt":"2013-02-25T17:29:31","slug":"erleben-sie-die-ganze-programmvielfalt-als-rechtsreferendar-bei-sky","status":"publish","type":"post","link":"https:\/\/www.juristenkoffer.de\/refblog\/mecklenburg-vorpommern\/erleben-sie-die-ganze-programmvielfalt-als-rechtsreferendar-bei-sky\/","title":{"rendered":"&#8222;Erleben Sie die ganze Programmvielfalt&#8230;&#8220; als Referendar bei Sky"},"content":{"rendered":"<p><a href=\"https:\/\/www.juristenkoffer.de\/refblog\/wp-content\/uploads\/2012\/02\/Unbenannt.jpg\"><img loading=\"lazy\" decoding=\"async\" class=\"alignleft size-full wp-image-5057\" title=\"Sky\" alt=\"\" src=\"https:\/\/www.juristenkoffer.de\/refblog\/wp-content\/uploads\/2012\/02\/Unbenannt.jpg\" width=\"150\" height=\"150\" \/><\/a>Die Sky Deutschland AG sucht f\u00fcr die\u00a0 Wahl- oder Rechtsanwaltsstation zum n\u00e4chstm\u00f6glichen Zeitpunkt einen Rechtsreferendar am Standort in Schwerin.<\/p>\n<p>Folgende spannende Aufgaben erwarten Euch:<\/p>\n<p>&#8211; \u00dcbernahme von rechtlichen Themenprojekten im Bereich des Urheber-, Vertrags- und Wirtschaftsrechts sowie Entwerfen von Lizenzvereinbarungen im B2B-Bereich<!--more--><\/p>\n<p>&#8211; Unterst\u00fctzen von Gerichtsprozessen, insbesondere Verfolgung von Urheberrechtsverletzungen in Gastst\u00e4tten<\/p>\n<p>&#8211; Begleitung eines gr\u00f6\u00dferen Prozesskomplexes zum Handelsvertreterrecht<\/p>\n<p>&#8211; Theoretische Backgroundrecherche zu urheberrechtlichen Fragestellungen im Zusammenhang mit Sport\u00fcbertragungen<\/p>\n<p>Die Bewerber sollten Kenntnisse im Urheber- und Vertragsrecht haben und Interesse und Verst\u00e4ndnis von wirtschaftlichen Zusammenh\u00e4ngen bei der rechtlichen Bearbeitung der Materie. Weiterhin sind gute Englischkenntnisse gefordert sowie Sicherheit in Ausdruck und im Umgang mit Ansprechpartnern, selbst\u00e4ndiges Arbeiten und die F\u00e4higkeit zur interdisziplin\u00e4ren Zusammenarbeit mit den Fachabteilungen. Es werden engagierte Kollegen mit Ausstrahlung und kreativen Ideen gesucht, die nicht nur die fachliche Qualifikation nachweisen k\u00f6nnen, sondern auch \u00fcber Teamgeist verf\u00fcgen.<\/p>\n<p>Bei Interesse einfach eine Onlinebewerbung unter Angabe der Kennziffer\u00a0648402 &#8211; M &#8211; 15, dem Zeitpunkt der Verf\u00fcgbarkeit und den Gehaltsvorstellungen an personal@sky.de senden. Ansprechpartnerin ist Frau Beate Kahlhammer.<\/p>\n","protected":false},"excerpt":{"rendered":"<p>Die Sky Deutschland AG sucht f\u00fcr die\u00a0 Wahl- oder Rechtsanwaltsstation zum n\u00e4chstm\u00f6glichen Zeitpunkt einen Rechtsreferendar am Standort in Schwerin. Folgende spannende Aufgaben erwarten Euch: &#8211; \u00dcbernahme von rechtlichen Themenprojekten im Bereich des Urheber-, Vertrags- und Wirtschaftsrechts sowie Entwerfen von Lizenzvereinbarungen im B2B-Bereich<\/p>\n","protected":false},"author":3,"featured_media":0,"comment_status":"open","ping_status":"open","sticky":false,"template":"","format":"standard","meta":{"footnotes":""},"categories":[48,17,948],"tags":[994,993,987,992,995],"class_list":["post-5055","post","type-post","status-publish","format-standard","hentry","category-anwaltsstation","category-mecklenburg-vorpommern","category-stationsangebote-veranstaltungen","tag-aufgabe","tag-bereich","tag-rechtsreferendar","tag-wirtschaftsrecht","tag-zusammenhang"],"_links":{"self":[{"href":"https:\/\/www.juristenkoffer.de\/refblog\/wp-json\/wp\/v2\/posts\/5055","targetHints":{"allow":["GET"]}}],"collection":[{"href":"https:\/\/www.juristenkoffer.de\/refblog\/wp-json\/wp\/v2\/posts"}],"about":[{"href":"https:\/\/www.juristenkoffer.de\/refblog\/wp-json\/wp\/v2\/types\/post"}],"author":[{"embeddable":true,"href":"https:\/\/www.juristenkoffer.de\/refblog\/wp-json\/wp\/v2\/users\/3"}],"replies":[{"embeddable":true,"href":"https:\/\/www.juristenkoffer.de\/refblog\/wp-json\/wp\/v2\/comments?post=5055"}],"version-history":[{"count":8,"href":"https:\/\/www.juristenkoffer.de\/refblog\/wp-json\/wp\/v2\/posts\/5055\/revisions"}],"predecessor-version":[{"id":7350,"href":"https:\/\/www.juristenkoffer.de\/refblog\/wp-json\/wp\/v2\/posts\/5055\/revisions\/7350"}],"wp:attachment":[{"href":"https:\/\/www.juristenkoffer.de\/refblog\/wp-json\/wp\/v2\/media?parent=5055"}],"wp:term":[{"taxonomy":"category","embeddable":true,"href":"https:\/\/www.juristenkoffer.de\/refblog\/wp-json\/wp\/v2\/categories?post=5055"},{"taxonomy":"post_tag","embeddable":true,"href":"https:\/\/www.juristenkoffer.de\/refblog\/wp-json\/wp\/v2\/tags?post=5055"}],"curies":[{"name":"wp","href":"https:\/\/api.w.org\/{rel}","templated":true}]}}