{"id":5024,"date":"2025-03-18T02:03:01","date_gmt":"2025-03-18T02:03:01","guid":{"rendered":"http:\/\/www.juristenkoffer.de\/refblog\/?p=5024"},"modified":"2021-01-08T16:33:00","modified_gmt":"2021-01-08T14:33:00","slug":"heinz-thomas-und-hans-putzo-besser-bekannt-als-thomasputzo","status":"publish","type":"post","link":"https:\/\/www.juristenkoffer.de\/refblog\/zivilrechtsstation\/heinz-thomas-und-hans-putzo-besser-bekannt-als-thomasputzo\/","title":{"rendered":"Heinz Thomas und Hans Putzo, besser bekannt als Thomas\/Putzo"},"content":{"rendered":"<p><img loading=\"lazy\" decoding=\"async\" class=\"alignleft size-full wp-image-5026\" title=\"Thomas-Putzo\" src=\"https:\/\/www.juristenkoffer.de\/refblog\/wp-content\/uploads\/2012\/02\/Thomas-Putzo1.png\" alt=\"\" width=\"150\" height=\"170\" \/> Es an der Zeit, sich mal mit den Namensgebern des wichtigen ZPO-Kommentars zu besch\u00e4ftigen.<\/p>\n<p>Zugegeben &#8230; ich musste zun\u00e4chst nach den Vornamen suchen! Gel\u00e4ufig sind sie nicht jedem, denn man wirft schlie\u00dflich nur mit dem Verbund beider Namen\u00a0\u2013 dem Thomas\/Putzo\u00a0\u2013 um sich, wenn man von Ihrem bekanntesten Werk spricht.<!--more--> Dass es sich bei Thomas nicht um den Vornamen von Herrn Putzo handelt, haben wir sp\u00e4testens im 2. Semester registriert, nun ist es aber an der Zeit, auch mal hinter die Kulissen des Thomas\/Putzo zu schauen.<\/p>\n<p>Heinz Thomas wurde am 07.06.1920 in M\u00fcnchen geboren. Im fernen Rostock begann er 1942 das Studium der Rechtswissenschaften, geriet jedoch schon bald in Kriegsgefangenschaft und konnte sein Studium erst 1948 abschlie\u00dfen. Das 2. Examen hatte er 1950 in der Tasche und bereits 1949 seine Promotion. Im Anschuss war er als Richter am AG M\u00fcnchen, dann am LG M\u00fcnchen und seit 1972 bis zu seinem Ruhestand 1984 als Vorsitzenden Richter am OLG M\u00fcnchen t\u00e4tig. Im Alter von 82 Jahren verstarb Heinz Thomas im August 2002.<\/p>\n<p>Prof. Dr. Hans Putzo, Vizepr\u00e4sident des Bayer. Obersten Landesgerichts a.D. wurde im Jahre 1926 geboren und verstarb im November 2013.\u00a0Er\u00a0legte 1952 die erste juristische Staatspr\u00fcfung, 1954 das 2. Examen ab. Wie Heinz Thomas wurde auch Hans Putzo im Jahr vor Abschluss seiner juristischen Ausbildung bereits promoviert. Putzo trat in den Justizdienst ein und wurde 1967 Vorsitzender Richter am Landgericht, 1978 Vorsitzender Richter am\u00a0Oberlandesgericht M\u00fcnchen\u00a0und 1984 Vorsitzender Richter am\u00a0Bayerischen Obersten Landesgericht. Von 1988 bis zum Eintritt in den Ruhestand 1991 war er Vizepr\u00e4sident des Bayerischen Obersten Landesgerichts.<\/p>\n<p style=\"border:1px solid; padding: 5px; margin: 2px 0px 10px 0px; line-height: 150%\">\n\t\t\t\tDie RefNews sind das Blog von Juristenkoffer.de - einem der ersten und mit weit mehr als 35.000 zufriedenen Kunden einem der gr\u00f6\u00dften Vermieter von Kommentaren in Deutschland. Bist Du bereits Rechtsreferendar, hast Dir aber noch keinen Juristenkoffer reserviert? Dann informiere Dich jetzt \u00fcber unser Angebot und <a href=\"https:\/\/www.juristenkoffer.de\/angebot.php?rel=textartikelrefnews\" target=\"_blank\">sichere Dir schnell Deine Examenskommentare<\/a>!\n\t\t\t\t<\/p>\n<p>Bekannt geworden sind die beiden Juristen mit ihrem Kommentar zur Zivilprozessordnung. Die erste Auflage erschien 1963 und war eine kleine Revolution, da die bisher auf dem Markt vertretenen Kommentare zur ZPO zu einem recht gro\u00dfen Umfang neigten. Der Thomas\/Putzo hingegen war klein, kompakt und auf das wesentlichste beschr\u00e4nkt. Zuvor war das lediglich mit dem Kommentar zum Strafgesetzbuch durch Dreher und Maa\u00dfen, heute bekannt als &#8222;Lackner\/K\u00fchl&#8220; gelungen. Au\u00dferdem waren beide auch viele Jahre f\u00fcr den &#8222;Palandt&#8220; als Autoren t\u00e4tig.\u00a0[RefN]<\/p>\n","protected":false},"excerpt":{"rendered":"<p>Es an der Zeit, sich mal mit den Namensgebern des wichtigen ZPO-Kommentars zu besch\u00e4ftigen. Zugegeben &#8230; ich musste zun\u00e4chst nach den Vornamen suchen! Gel\u00e4ufig sind sie nicht jedem, denn man wirft schlie\u00dflich nur mit dem Verbund beider Namen\u00a0\u2013 dem Thomas\/Putzo\u00a0\u2013 um sich, wenn man von Ihrem bekanntesten Werk spricht.<\/p>\n","protected":false},"author":3,"featured_media":0,"comment_status":"open","ping_status":"open","sticky":false,"template":"","format":"standard","meta":{"footnotes":""},"categories":[8],"tags":[970,969,971],"class_list":["post-5024","post","type-post","status-publish","format-standard","hentry","category-zivilrechtsstation","tag-putzo","tag-thomas","tag-zpo"],"_links":{"self":[{"href":"https:\/\/www.juristenkoffer.de\/refblog\/wp-json\/wp\/v2\/posts\/5024","targetHints":{"allow":["GET"]}}],"collection":[{"href":"https:\/\/www.juristenkoffer.de\/refblog\/wp-json\/wp\/v2\/posts"}],"about":[{"href":"https:\/\/www.juristenkoffer.de\/refblog\/wp-json\/wp\/v2\/types\/post"}],"author":[{"embeddable":true,"href":"https:\/\/www.juristenkoffer.de\/refblog\/wp-json\/wp\/v2\/users\/3"}],"replies":[{"embeddable":true,"href":"https:\/\/www.juristenkoffer.de\/refblog\/wp-json\/wp\/v2\/comments?post=5024"}],"version-history":[{"count":22,"href":"https:\/\/www.juristenkoffer.de\/refblog\/wp-json\/wp\/v2\/posts\/5024\/revisions"}],"predecessor-version":[{"id":12245,"href":"https:\/\/www.juristenkoffer.de\/refblog\/wp-json\/wp\/v2\/posts\/5024\/revisions\/12245"}],"wp:attachment":[{"href":"https:\/\/www.juristenkoffer.de\/refblog\/wp-json\/wp\/v2\/media?parent=5024"}],"wp:term":[{"taxonomy":"category","embeddable":true,"href":"https:\/\/www.juristenkoffer.de\/refblog\/wp-json\/wp\/v2\/categories?post=5024"},{"taxonomy":"post_tag","embeddable":true,"href":"https:\/\/www.juristenkoffer.de\/refblog\/wp-json\/wp\/v2\/tags?post=5024"}],"curies":[{"name":"wp","href":"https:\/\/api.w.org\/{rel}","templated":true}]}}